
			
				

					
				

			
		{"items":"\n\t\t\t\t\t\t\t\t\t\t\t\n<article id=\"post-61477\" class=\"wd-post blog-design-masonry blog-post-loop blog-style-bg wd-add-shadow wd-col post-61477 post type-post status-publish format-standard has-post-thumbnail hentry category-guncel-spor-haberleri category-futbol category-spor-haberleri tag-ancelottiden-arda-gulere-alkis\">\n\t<div class=\"article-inner\">\n\t\t\t\t\t<header class=\"entry-header\">\n\t\t\t\t\t\t\t\t\t<figure id=\"carousel-350\" class=\"entry-thumbnail\">\n\t\t\t\t\t\t\n\t\t\t\t\t\t\t<div class=\"post-img-wrapp\">\n\t\t\t\t\t\t\t\t<a href=\"https:\/\/canlibahistahminlerim.com\/ancelottiden-arda-gulere-alkis\/\">\n\t\t\t\t\t\t\t\t\t<img width=\"1300\" height=\"731\" src=\"https:\/\/canlibahistahminlerim.com\/wp-content\/uploads\/2024\/01\/Ancelottiden-Arda-Gulere-Alkis-1300x731.jpg\" class=\"attachment-large size-large\" alt=\"Ancelotti&#039;den Arda G\u00fcler&#039;e Alk\u0131\u015f\" decoding=\"async\" srcset=\"https:\/\/canlibahistahminlerim.com\/wp-content\/uploads\/2024\/01\/Ancelottiden-Arda-Gulere-Alkis-1300x731.jpg 1300w, https:\/\/canlibahistahminlerim.com\/wp-content\/uploads\/2024\/01\/Ancelottiden-Arda-Gulere-Alkis-400x225.jpg 400w, https:\/\/canlibahistahminlerim.com\/wp-content\/uploads\/2024\/01\/Ancelottiden-Arda-Gulere-Alkis-768x432.jpg 768w, https:\/\/canlibahistahminlerim.com\/wp-content\/uploads\/2024\/01\/Ancelottiden-Arda-Gulere-Alkis-1536x864.jpg 1536w, https:\/\/canlibahistahminlerim.com\/wp-content\/uploads\/2024\/01\/Ancelottiden-Arda-Gulere-Alkis.jpg 1920w\" sizes=\"(max-width: 1300px) 100vw, 1300px\" \/>\t\t\t\t\t\t\t\t<\/a>\n\t\t\t\t\t\t\t<\/div>\n\t\t\t\t\t\t\t<div class=\"post-image-mask\">\n\t\t\t\t\t\t\t\t<span><\/span>\n\t\t\t\t\t\t\t<\/div>\n\n\t\t\t\t\t\t\n\t\t\t\t\t<\/figure>\n\t\t\t\t\n\t\t\t\t\t\t\t\t\t\t\t\t<div class=\"post-date wd-post-date wd-style-with-bg\">\n\t\t\t\t<span class=\"post-date-day\">\n\t\t\t\t\t12\t\t\t\t<\/span>\n\t\t\t\t<span class=\"post-date-month\">\n\t\t\t\t\tOca\t\t\t\t<\/span>\n\t\t\t<\/div>\n\t\t\t\t\t\t\n\t\t\t<\/header><!-- .entry-header -->\n\n\t\t<div class=\"article-body-container\">\n\t\t\t\n\t\t\t\t\t\t\t\t\t<div class=\"meta-categories-wrapp\"><div class=\"meta-post-categories wd-post-cat wd-style-with-bg\"><a href=\"https:\/\/canlibahistahminlerim.com\/guncel-spor-haberleri\/\" rel=\"category tag\">G\u00dcNCEL SPOR HABERLER\u0130<\/a>, <a href=\"https:\/\/canlibahistahminlerim.com\/spor-haberleri\/futbol\/\" rel=\"category tag\">Futbol<\/a>, <a href=\"https:\/\/canlibahistahminlerim.com\/spor-haberleri\/\" rel=\"category tag\">Spor Haberleri<\/a><\/div><\/div>\n\t\t\t\t\n\t\t\t\t\t\t\t\t\t<h3 class=\"wd-entities-title title post-title\">\n\t\t\t\t\t\t<a href=\"https:\/\/canlibahistahminlerim.com\/ancelottiden-arda-gulere-alkis\/\" rel=\"bookmark\">Ancelotti&#8217;den Arda G\u00fcler&#8217;e Alk\u0131\u015f<\/a>\n\t\t\t\t\t<\/h3>\n\t\t\t\t\n\t\t\t\t\t\t\t\t\t<div class=\"entry-meta wd-entry-meta\">\n\t\t\t\t\t\t\t\t\t<ul class=\"entry-meta-list\">\n\t\t\t\t\t\t\t\t\t<li class=\"modified-date\">\n\t\t\t\t\t\t\t\t<time class=\"updated\" datetime=\"2024-01-13T04:28:32+03:00\">\n\t\t\t13 Ocak 2024\t\t<\/time>\n\t\t\t\t\t\t\t<\/li>\n\n\t\t\t\t\t\n\t\t\t\t\t\t\t\t\t\t\t<li class=\"meta-author\">\n\t\t\t\t\t\t\t\t\t\t\t\t<span>Taraf\u0131ndan<\/span>\n\t\t\n\t\t\t\t\t<img alt='author-avatar' src='https:\/\/secure.gravatar.com\/avatar\/7425033c41e2dfed89ffe1cc678c2a73?s=32&#038;d=mm&#038;r=g' srcset='https:\/\/secure.gravatar.com\/avatar\/7425033c41e2dfed89ffe1cc678c2a73?s=64&#038;d=mm&#038;r=g 2x' class='avatar avatar-32 photo' height='32' width='32' decoding='async'\/>\t\t\n\t\t<a href=\"https:\/\/canlibahistahminlerim.com\/author\/admin\/\" rel=\"author\">\n\t\t\t<span class=\"vcard author author_name\">\n\t\t\t\t<span class=\"fn\">BNSEO<\/span>\n\t\t\t<\/span>\n\t\t<\/a>\n\t\t\t\t\t\t\t\t<\/li>\n\t\t\t\t\t\n\t\t\t\t\t\n\t\t\t\t\t\t\t\t\t\t\t<li class=\"meta-reply\">\n\t\t\t\t\t\t\t<a href=\"https:\/\/canlibahistahminlerim.com\/ancelottiden-arda-gulere-alkis\/#respond\"><span class=\"replies-count\">0<\/span> <span class=\"replies-count-label\">yorumlar<\/span><\/a>\t\t\t\t\t\t<\/li>\n\t\t\t\t\t\t\t\t\t\t\t\t<\/ul>\n\t\t\t\t\t\t\t<\/div><!-- .entry-meta -->\n\t\t\t\t\t\t\t\t\t\t\t<div class=\"hovered-social-icons wd-tltp wd-tltp-top\">\n\t\t\t\t\t\t\t<div class=\"wd-tooltip-label\">\n\t\t\t\t\t\t\t\t\t\t\t<link rel=\"stylesheet\" id=\"wd-social-icons-css\" href=\"https:\/\/canlibahistahminlerim.com\/wp-content\/themes\/woodmart\/css\/parts\/el-social-icons.min.css?ver=7.4.3\" type=\"text\/css\" media=\"all\" \/> \t\t\t\n\t\t\t<div class=\" wd-social-icons icons-design-default icons-size-small color-scheme-light social-share social-form-circle text-center\">\n\n\t\t\t\t\n\t\t\t\t\t\t\t\t\t<a rel=\"noopener noreferrer nofollow\" href=\"https:\/\/www.facebook.com\/sharer\/sharer.php?u=https:\/\/canlibahistahminlerim.com\/ancelottiden-arda-gulere-alkis\/\" target=\"_blank\" class=\" wd-social-icon social-facebook\" aria-label=\"Facebook sosyal ba\u011flant\u0131s\u0131\">\n\t\t\t\t\t\t<span class=\"wd-icon\"><\/span>\n\t\t\t\t\t\t\t\t\t\t\t<\/a>\n\t\t\t\t\n\t\t\t\t\t\t\t\t\t<a rel=\"noopener noreferrer nofollow\" href=\"https:\/\/x.com\/share?url=https:\/\/canlibahistahminlerim.com\/ancelottiden-arda-gulere-alkis\/\" target=\"_blank\" class=\" wd-social-icon social-twitter\" aria-label=\"X social link\">\n\t\t\t\t\t\t<span class=\"wd-icon\"><\/span>\n\t\t\t\t\t\t\t\t\t\t\t<\/a>\n\t\t\t\t\n\t\t\t\t\n\t\t\t\t\n\t\t\t\t\n\t\t\t\t\t\t\t\t\t<a rel=\"noopener noreferrer nofollow\" href=\"https:\/\/pinterest.com\/pin\/create\/button\/?url=https:\/\/canlibahistahminlerim.com\/ancelottiden-arda-gulere-alkis\/&media=https:\/\/canlibahistahminlerim.com\/wp-content\/uploads\/2024\/01\/Ancelottiden-Arda-Gulere-Alkis.jpg&description=Ancelotti%26%238217%3Bden+Arda+G%C3%BCler%26%238217%3Be+Alk%C4%B1%C5%9F\" target=\"_blank\" class=\" wd-social-icon social-pinterest\" aria-label=\"Pinterest sosyal ba\u011flant\u0131s\u0131\">\n\t\t\t\t\t\t<span class=\"wd-icon\"><\/span>\n\t\t\t\t\t\t\t\t\t\t\t<\/a>\n\t\t\t\t\n\t\t\t\t\n\t\t\t\t\n\t\t\t\t\n\t\t\t\t\n\t\t\t\t\n\t\t\t\t\n\t\t\t\t\n\t\t\t\t\n\t\t\t\t\n\t\t\t\t\n\t\t\t\t\t\t\t\t\t<a rel=\"noopener noreferrer nofollow\" href=\"https:\/\/api.whatsapp.com\/send?text=https%3A%2F%2Fcanlibahistahminlerim.com%2Fancelottiden-arda-gulere-alkis%2F\" target=\"_blank\" class=\"whatsapp-desktop  wd-social-icon social-whatsapp\" aria-label=\"WhatsApp sosyal ba\u011flant\u0131s\u0131\">\n\t\t\t\t\t\t<span class=\"wd-icon\"><\/span>\n\t\t\t\t\t\t\t\t\t\t\t<\/a>\n\t\t\t\t\t\n\t\t\t\t\t<a rel=\"noopener noreferrer nofollow\" href=\"whatsapp:\/\/send?text=https%3A%2F%2Fcanlibahistahminlerim.com%2Fancelottiden-arda-gulere-alkis%2F\" target=\"_blank\" class=\"whatsapp-mobile  wd-social-icon social-whatsapp\" aria-label=\"WhatsApp sosyal ba\u011flant\u0131s\u0131\">\n\t\t\t\t\t\t<span class=\"wd-icon\"><\/span>\n\t\t\t\t\t\t\t\t\t\t\t<\/a>\n\t\t\t\t\n\t\t\t\t\t\t\t\t\n\t\t\t\t\t\t\t\t\n\t\t\t\t\n\t\t\t\t\n\t\t\t\t\t\t\t\t\t<a rel=\"noopener noreferrer nofollow\" href=\"https:\/\/telegram.me\/share\/url?url=https:\/\/canlibahistahminlerim.com\/ancelottiden-arda-gulere-alkis\/\" target=\"_blank\" class=\" wd-social-icon social-tg\" aria-label=\"Telegram sosyal medya linki\">\n\t\t\t\t\t\t<span class=\"wd-icon\"><\/span>\n\t\t\t\t\t\t\t\t\t\t\t<\/a>\n\t\t\t\t\t\t\t\t\n\t\t\t\t\n\t\t\t<\/div>\n\n\t\t\t\t\t\t\t\t\t<\/div>\n\t\t\t\t\t\t<\/div>\n\t\t\t\t\t\t\t\t\t\t\t\t\n\t\t\t\t\t\t\t\n\t\t\t\t                    <div class=\"entry-content wd-entry-content\">\n\t\t\t\t\t\tReal Madrid Kupa Ma\u00e7\u0131nda uzatmalarda Atletico Madrid\u2019i Arda G\u00fcler oyuna...\n\t\t\t\t\t\t\t\t\t\t\t<\/div><!-- .entry-content -->\n\t\t\t\t\n\t\t\t\t\t\t\t\t\t\t\t\t\t\t<p class=\"read-more-section\">\n\t\t\t\t\t\t<a class=\"btn-read-more more-link\" href=\"https:\/\/canlibahistahminlerim.com\/ancelottiden-arda-gulere-alkis\/\">Okumaya devam et<\/a>\t\t\t\t\t<\/p>\n\t\t\t\t\t\t\t\t\t\t\t\n\t\t\t\n\t\t\t\t\t<\/div>\n\t<\/div>\n<\/article><!-- #post -->\n\n\n\t\t\t\t\t\t\t\t\t\t\t\n<article id=\"post-61475\" class=\"wd-post blog-design-masonry blog-post-loop blog-style-bg wd-add-shadow wd-col post-61475 post type-post status-publish format-standard has-post-thumbnail hentry category-guncel-spor-haberleri category-futbol category-spor-haberleri tag-acun-ilicali-premimer-ligin-yildizini-aldi\">\n\t<div class=\"article-inner\">\n\t\t\t\t\t<header class=\"entry-header\">\n\t\t\t\t\t\t\t\t\t<figure id=\"carousel-722\" class=\"entry-thumbnail\">\n\t\t\t\t\t\t\n\t\t\t\t\t\t\t<div class=\"post-img-wrapp\">\n\t\t\t\t\t\t\t\t<a href=\"https:\/\/canlibahistahminlerim.com\/acun-ilicali-premimer-ligin-yildizini-aldi\/\">\n\t\t\t\t\t\t\t\t\t<img width=\"1300\" height=\"731\" src=\"https:\/\/canlibahistahminlerim.com\/wp-content\/uploads\/2024\/01\/Acun-Ilicali-Premimer-Ligin-Yildizini-Aldi-1300x731.jpg\" class=\"attachment-large size-large\" alt=\"Acun Il\u0131cal\u0131 Premimer Lig&#039;in Y\u0131ld\u0131z\u0131n\u0131 Ald\u0131\" decoding=\"async\" srcset=\"https:\/\/canlibahistahminlerim.com\/wp-content\/uploads\/2024\/01\/Acun-Ilicali-Premimer-Ligin-Yildizini-Aldi-1300x731.jpg 1300w, https:\/\/canlibahistahminlerim.com\/wp-content\/uploads\/2024\/01\/Acun-Ilicali-Premimer-Ligin-Yildizini-Aldi-400x225.jpg 400w, https:\/\/canlibahistahminlerim.com\/wp-content\/uploads\/2024\/01\/Acun-Ilicali-Premimer-Ligin-Yildizini-Aldi-768x432.jpg 768w, https:\/\/canlibahistahminlerim.com\/wp-content\/uploads\/2024\/01\/Acun-Ilicali-Premimer-Ligin-Yildizini-Aldi-1536x864.jpg 1536w, https:\/\/canlibahistahminlerim.com\/wp-content\/uploads\/2024\/01\/Acun-Ilicali-Premimer-Ligin-Yildizini-Aldi.jpg 1920w\" sizes=\"(max-width: 1300px) 100vw, 1300px\" \/>\t\t\t\t\t\t\t\t<\/a>\n\t\t\t\t\t\t\t<\/div>\n\t\t\t\t\t\t\t<div class=\"post-image-mask\">\n\t\t\t\t\t\t\t\t<span><\/span>\n\t\t\t\t\t\t\t<\/div>\n\n\t\t\t\t\t\t\n\t\t\t\t\t<\/figure>\n\t\t\t\t\n\t\t\t\t\t\t\t\t\t\t\t\t<div class=\"post-date wd-post-date wd-style-with-bg\">\n\t\t\t\t<span class=\"post-date-day\">\n\t\t\t\t\t11\t\t\t\t<\/span>\n\t\t\t\t<span class=\"post-date-month\">\n\t\t\t\t\tOca\t\t\t\t<\/span>\n\t\t\t<\/div>\n\t\t\t\t\t\t\n\t\t\t<\/header><!-- .entry-header -->\n\n\t\t<div class=\"article-body-container\">\n\t\t\t\n\t\t\t\t\t\t\t\t\t<div class=\"meta-categories-wrapp\"><div class=\"meta-post-categories wd-post-cat wd-style-with-bg\"><a href=\"https:\/\/canlibahistahminlerim.com\/guncel-spor-haberleri\/\" rel=\"category tag\">G\u00dcNCEL SPOR HABERLER\u0130<\/a>, <a href=\"https:\/\/canlibahistahminlerim.com\/spor-haberleri\/futbol\/\" rel=\"category tag\">Futbol<\/a>, <a href=\"https:\/\/canlibahistahminlerim.com\/spor-haberleri\/\" rel=\"category tag\">Spor Haberleri<\/a><\/div><\/div>\n\t\t\t\t\n\t\t\t\t\t\t\t\t\t<h3 class=\"wd-entities-title title post-title\">\n\t\t\t\t\t\t<a href=\"https:\/\/canlibahistahminlerim.com\/acun-ilicali-premimer-ligin-yildizini-aldi\/\" rel=\"bookmark\">Acun Il\u0131cal\u0131 Premimer Lig&#8217;in Y\u0131ld\u0131z\u0131n\u0131 Ald\u0131<\/a>\n\t\t\t\t\t<\/h3>\n\t\t\t\t\n\t\t\t\t\t\t\t\t\t<div class=\"entry-meta wd-entry-meta\">\n\t\t\t\t\t\t\t\t\t<ul class=\"entry-meta-list\">\n\t\t\t\t\t\t\t\t\t<li class=\"modified-date\">\n\t\t\t\t\t\t\t\t<time class=\"updated\" datetime=\"2024-01-13T04:27:07+03:00\">\n\t\t\t13 Ocak 2024\t\t<\/time>\n\t\t\t\t\t\t\t<\/li>\n\n\t\t\t\t\t\n\t\t\t\t\t\t\t\t\t\t\t<li class=\"meta-author\">\n\t\t\t\t\t\t\t\t\t\t\t\t<span>Taraf\u0131ndan<\/span>\n\t\t\n\t\t\t\t\t<img alt='author-avatar' src='https:\/\/secure.gravatar.com\/avatar\/7425033c41e2dfed89ffe1cc678c2a73?s=32&#038;d=mm&#038;r=g' srcset='https:\/\/secure.gravatar.com\/avatar\/7425033c41e2dfed89ffe1cc678c2a73?s=64&#038;d=mm&#038;r=g 2x' class='avatar avatar-32 photo' height='32' width='32' decoding='async'\/>\t\t\n\t\t<a href=\"https:\/\/canlibahistahminlerim.com\/author\/admin\/\" rel=\"author\">\n\t\t\t<span class=\"vcard author author_name\">\n\t\t\t\t<span class=\"fn\">BNSEO<\/span>\n\t\t\t<\/span>\n\t\t<\/a>\n\t\t\t\t\t\t\t\t<\/li>\n\t\t\t\t\t\n\t\t\t\t\t\n\t\t\t\t\t\t\t\t\t\t\t<li class=\"meta-reply\">\n\t\t\t\t\t\t\t<a href=\"https:\/\/canlibahistahminlerim.com\/acun-ilicali-premimer-ligin-yildizini-aldi\/#respond\"><span class=\"replies-count\">0<\/span> <span class=\"replies-count-label\">yorumlar<\/span><\/a>\t\t\t\t\t\t<\/li>\n\t\t\t\t\t\t\t\t\t\t\t\t<\/ul>\n\t\t\t\t\t\t\t<\/div><!-- .entry-meta -->\n\t\t\t\t\t\t\t\t\t\t\t<div class=\"hovered-social-icons wd-tltp wd-tltp-top\">\n\t\t\t\t\t\t\t<div class=\"wd-tooltip-label\">\n\t\t\t\t\t\t\t\t\n\t\t\t<div class=\" wd-social-icons icons-design-default icons-size-small color-scheme-light social-share social-form-circle text-center\">\n\n\t\t\t\t\n\t\t\t\t\t\t\t\t\t<a rel=\"noopener noreferrer nofollow\" href=\"https:\/\/www.facebook.com\/sharer\/sharer.php?u=https:\/\/canlibahistahminlerim.com\/acun-ilicali-premimer-ligin-yildizini-aldi\/\" target=\"_blank\" class=\" wd-social-icon social-facebook\" aria-label=\"Facebook sosyal ba\u011flant\u0131s\u0131\">\n\t\t\t\t\t\t<span class=\"wd-icon\"><\/span>\n\t\t\t\t\t\t\t\t\t\t\t<\/a>\n\t\t\t\t\n\t\t\t\t\t\t\t\t\t<a rel=\"noopener noreferrer nofollow\" href=\"https:\/\/x.com\/share?url=https:\/\/canlibahistahminlerim.com\/acun-ilicali-premimer-ligin-yildizini-aldi\/\" target=\"_blank\" class=\" wd-social-icon social-twitter\" aria-label=\"X social link\">\n\t\t\t\t\t\t<span class=\"wd-icon\"><\/span>\n\t\t\t\t\t\t\t\t\t\t\t<\/a>\n\t\t\t\t\n\t\t\t\t\n\t\t\t\t\n\t\t\t\t\n\t\t\t\t\t\t\t\t\t<a rel=\"noopener noreferrer nofollow\" href=\"https:\/\/pinterest.com\/pin\/create\/button\/?url=https:\/\/canlibahistahminlerim.com\/acun-ilicali-premimer-ligin-yildizini-aldi\/&media=https:\/\/canlibahistahminlerim.com\/wp-content\/uploads\/2024\/01\/Acun-Ilicali-Premimer-Ligin-Yildizini-Aldi.jpg&description=Acun+Il%C4%B1cal%C4%B1+Premimer+Lig%26%238217%3Bin+Y%C4%B1ld%C4%B1z%C4%B1n%C4%B1+Ald%C4%B1\" target=\"_blank\" class=\" wd-social-icon social-pinterest\" aria-label=\"Pinterest sosyal ba\u011flant\u0131s\u0131\">\n\t\t\t\t\t\t<span class=\"wd-icon\"><\/span>\n\t\t\t\t\t\t\t\t\t\t\t<\/a>\n\t\t\t\t\n\t\t\t\t\n\t\t\t\t\n\t\t\t\t\n\t\t\t\t\n\t\t\t\t\n\t\t\t\t\n\t\t\t\t\n\t\t\t\t\n\t\t\t\t\n\t\t\t\t\n\t\t\t\t\t\t\t\t\t<a rel=\"noopener noreferrer nofollow\" href=\"https:\/\/api.whatsapp.com\/send?text=https%3A%2F%2Fcanlibahistahminlerim.com%2Facun-ilicali-premimer-ligin-yildizini-aldi%2F\" target=\"_blank\" class=\"whatsapp-desktop  wd-social-icon social-whatsapp\" aria-label=\"WhatsApp sosyal ba\u011flant\u0131s\u0131\">\n\t\t\t\t\t\t<span class=\"wd-icon\"><\/span>\n\t\t\t\t\t\t\t\t\t\t\t<\/a>\n\t\t\t\t\t\n\t\t\t\t\t<a rel=\"noopener noreferrer nofollow\" href=\"whatsapp:\/\/send?text=https%3A%2F%2Fcanlibahistahminlerim.com%2Facun-ilicali-premimer-ligin-yildizini-aldi%2F\" target=\"_blank\" class=\"whatsapp-mobile  wd-social-icon social-whatsapp\" aria-label=\"WhatsApp sosyal ba\u011flant\u0131s\u0131\">\n\t\t\t\t\t\t<span class=\"wd-icon\"><\/span>\n\t\t\t\t\t\t\t\t\t\t\t<\/a>\n\t\t\t\t\n\t\t\t\t\t\t\t\t\n\t\t\t\t\t\t\t\t\n\t\t\t\t\n\t\t\t\t\n\t\t\t\t\t\t\t\t\t<a rel=\"noopener noreferrer nofollow\" href=\"https:\/\/telegram.me\/share\/url?url=https:\/\/canlibahistahminlerim.com\/acun-ilicali-premimer-ligin-yildizini-aldi\/\" target=\"_blank\" class=\" wd-social-icon social-tg\" aria-label=\"Telegram sosyal medya linki\">\n\t\t\t\t\t\t<span class=\"wd-icon\"><\/span>\n\t\t\t\t\t\t\t\t\t\t\t<\/a>\n\t\t\t\t\t\t\t\t\n\t\t\t\t\n\t\t\t<\/div>\n\n\t\t\t\t\t\t\t\t\t<\/div>\n\t\t\t\t\t\t<\/div>\n\t\t\t\t\t\t\t\t\t\t\t\t\n\t\t\t\t\t\t\t\n\t\t\t\t                    <div class=\"entry-content wd-entry-content\">\n\t\t\t\t\t\tHull City Liverpool\u2019dan gen\u00e7 orta saha oyuncusu Fabio Carvalho\u2019yu ald\u0131\u011f\u0131n\u0131...\n\t\t\t\t\t\t\t\t\t\t\t<\/div><!-- .entry-content -->\n\t\t\t\t\n\t\t\t\t\t\t\t\t\t\t\t\t\t\t<p class=\"read-more-section\">\n\t\t\t\t\t\t<a class=\"btn-read-more more-link\" href=\"https:\/\/canlibahistahminlerim.com\/acun-ilicali-premimer-ligin-yildizini-aldi\/\">Okumaya devam et<\/a>\t\t\t\t\t<\/p>\n\t\t\t\t\t\t\t\t\t\t\t\n\t\t\t\n\t\t\t\t\t<\/div>\n\t<\/div>\n<\/article><!-- #post -->\n\n\n\t\t\t\t\t\t\t\t\t\t\t\n<article id=\"post-61524\" class=\"wd-post blog-design-masonry blog-post-loop blog-style-bg wd-add-shadow wd-col post-61524 post type-post status-publish format-standard has-post-thumbnail hentry category-guncel-spor-haberleri category-futbol category-spor-haberleri tag-istanbulspor-1-5-fenerbahce\">\n\t<div class=\"article-inner\">\n\t\t\t\t\t<header class=\"entry-header\">\n\t\t\t\t\t\t\t\t\t<figure id=\"carousel-919\" class=\"entry-thumbnail\">\n\t\t\t\t\t\t\n\t\t\t\t\t\t\t<div class=\"post-img-wrapp\">\n\t\t\t\t\t\t\t\t<a href=\"https:\/\/canlibahistahminlerim.com\/istanbulspor-1-5-fenerbahce\/\">\n\t\t\t\t\t\t\t\t\t<img width=\"1300\" height=\"731\" src=\"https:\/\/canlibahistahminlerim.com\/wp-content\/uploads\/2024\/01\/Istanbulspor-1-5-Fenerbahce-1300x731.jpg\" class=\"attachment-large size-large\" alt=\"\u0130stanbulspor 1-5 Fenerbah\u00e7e\" decoding=\"async\" srcset=\"https:\/\/canlibahistahminlerim.com\/wp-content\/uploads\/2024\/01\/Istanbulspor-1-5-Fenerbahce-1300x731.jpg 1300w, https:\/\/canlibahistahminlerim.com\/wp-content\/uploads\/2024\/01\/Istanbulspor-1-5-Fenerbahce-400x225.jpg 400w, https:\/\/canlibahistahminlerim.com\/wp-content\/uploads\/2024\/01\/Istanbulspor-1-5-Fenerbahce-768x432.jpg 768w, https:\/\/canlibahistahminlerim.com\/wp-content\/uploads\/2024\/01\/Istanbulspor-1-5-Fenerbahce-1536x864.jpg 1536w, https:\/\/canlibahistahminlerim.com\/wp-content\/uploads\/2024\/01\/Istanbulspor-1-5-Fenerbahce.jpg 1920w\" sizes=\"(max-width: 1300px) 100vw, 1300px\" \/>\t\t\t\t\t\t\t\t<\/a>\n\t\t\t\t\t\t\t<\/div>\n\t\t\t\t\t\t\t<div class=\"post-image-mask\">\n\t\t\t\t\t\t\t\t<span><\/span>\n\t\t\t\t\t\t\t<\/div>\n\n\t\t\t\t\t\t\n\t\t\t\t\t<\/figure>\n\t\t\t\t\n\t\t\t\t\t\t\t\t\t\t\t\t<div class=\"post-date wd-post-date wd-style-with-bg\">\n\t\t\t\t<span class=\"post-date-day\">\n\t\t\t\t\t10\t\t\t\t<\/span>\n\t\t\t\t<span class=\"post-date-month\">\n\t\t\t\t\tOca\t\t\t\t<\/span>\n\t\t\t<\/div>\n\t\t\t\t\t\t\n\t\t\t<\/header><!-- .entry-header -->\n\n\t\t<div class=\"article-body-container\">\n\t\t\t\n\t\t\t\t\t\t\t\t\t<div class=\"meta-categories-wrapp\"><div class=\"meta-post-categories wd-post-cat wd-style-with-bg\"><a href=\"https:\/\/canlibahistahminlerim.com\/guncel-spor-haberleri\/\" rel=\"category tag\">G\u00dcNCEL SPOR HABERLER\u0130<\/a>, <a href=\"https:\/\/canlibahistahminlerim.com\/spor-haberleri\/futbol\/\" rel=\"category tag\">Futbol<\/a>, <a href=\"https:\/\/canlibahistahminlerim.com\/spor-haberleri\/\" rel=\"category tag\">Spor Haberleri<\/a><\/div><\/div>\n\t\t\t\t\n\t\t\t\t\t\t\t\t\t<h3 class=\"wd-entities-title title post-title\">\n\t\t\t\t\t\t<a href=\"https:\/\/canlibahistahminlerim.com\/istanbulspor-1-5-fenerbahce\/\" rel=\"bookmark\">\u0130stanbulspor 1-5 Fenerbah\u00e7e<\/a>\n\t\t\t\t\t<\/h3>\n\t\t\t\t\n\t\t\t\t\t\t\t\t\t<div class=\"entry-meta wd-entry-meta\">\n\t\t\t\t\t\t\t\t\t<ul class=\"entry-meta-list\">\n\t\t\t\t\t\t\t\t\t<li class=\"modified-date\">\n\t\t\t\t\t\t\t\t<time class=\"updated\" datetime=\"2024-01-13T05:08:16+03:00\">\n\t\t\t13 Ocak 2024\t\t<\/time>\n\t\t\t\t\t\t\t<\/li>\n\n\t\t\t\t\t\n\t\t\t\t\t\t\t\t\t\t\t<li class=\"meta-author\">\n\t\t\t\t\t\t\t\t\t\t\t\t<span>Taraf\u0131ndan<\/span>\n\t\t\n\t\t\t\t\t<img alt='author-avatar' src='https:\/\/secure.gravatar.com\/avatar\/7425033c41e2dfed89ffe1cc678c2a73?s=32&#038;d=mm&#038;r=g' srcset='https:\/\/secure.gravatar.com\/avatar\/7425033c41e2dfed89ffe1cc678c2a73?s=64&#038;d=mm&#038;r=g 2x' class='avatar avatar-32 photo' height='32' width='32' decoding='async'\/>\t\t\n\t\t<a href=\"https:\/\/canlibahistahminlerim.com\/author\/admin\/\" rel=\"author\">\n\t\t\t<span class=\"vcard author author_name\">\n\t\t\t\t<span class=\"fn\">BNSEO<\/span>\n\t\t\t<\/span>\n\t\t<\/a>\n\t\t\t\t\t\t\t\t<\/li>\n\t\t\t\t\t\n\t\t\t\t\t\n\t\t\t\t\t\t\t\t\t\t\t<li class=\"meta-reply\">\n\t\t\t\t\t\t\t<a href=\"https:\/\/canlibahistahminlerim.com\/istanbulspor-1-5-fenerbahce\/#respond\"><span class=\"replies-count\">0<\/span> <span class=\"replies-count-label\">yorumlar<\/span><\/a>\t\t\t\t\t\t<\/li>\n\t\t\t\t\t\t\t\t\t\t\t\t<\/ul>\n\t\t\t\t\t\t\t<\/div><!-- .entry-meta -->\n\t\t\t\t\t\t\t\t\t\t\t<div class=\"hovered-social-icons wd-tltp wd-tltp-top\">\n\t\t\t\t\t\t\t<div class=\"wd-tooltip-label\">\n\t\t\t\t\t\t\t\t\n\t\t\t<div class=\" wd-social-icons icons-design-default icons-size-small color-scheme-light social-share social-form-circle text-center\">\n\n\t\t\t\t\n\t\t\t\t\t\t\t\t\t<a rel=\"noopener noreferrer nofollow\" href=\"https:\/\/www.facebook.com\/sharer\/sharer.php?u=https:\/\/canlibahistahminlerim.com\/istanbulspor-1-5-fenerbahce\/\" target=\"_blank\" class=\" wd-social-icon social-facebook\" aria-label=\"Facebook sosyal ba\u011flant\u0131s\u0131\">\n\t\t\t\t\t\t<span class=\"wd-icon\"><\/span>\n\t\t\t\t\t\t\t\t\t\t\t<\/a>\n\t\t\t\t\n\t\t\t\t\t\t\t\t\t<a rel=\"noopener noreferrer nofollow\" href=\"https:\/\/x.com\/share?url=https:\/\/canlibahistahminlerim.com\/istanbulspor-1-5-fenerbahce\/\" target=\"_blank\" class=\" wd-social-icon social-twitter\" aria-label=\"X social link\">\n\t\t\t\t\t\t<span class=\"wd-icon\"><\/span>\n\t\t\t\t\t\t\t\t\t\t\t<\/a>\n\t\t\t\t\n\t\t\t\t\n\t\t\t\t\n\t\t\t\t\n\t\t\t\t\t\t\t\t\t<a rel=\"noopener noreferrer nofollow\" href=\"https:\/\/pinterest.com\/pin\/create\/button\/?url=https:\/\/canlibahistahminlerim.com\/istanbulspor-1-5-fenerbahce\/&media=https:\/\/canlibahistahminlerim.com\/wp-content\/uploads\/2024\/01\/Istanbulspor-1-5-Fenerbahce.jpg&description=%C4%B0stanbulspor+1-5+Fenerbah%C3%A7e\" target=\"_blank\" class=\" wd-social-icon social-pinterest\" aria-label=\"Pinterest sosyal ba\u011flant\u0131s\u0131\">\n\t\t\t\t\t\t<span class=\"wd-icon\"><\/span>\n\t\t\t\t\t\t\t\t\t\t\t<\/a>\n\t\t\t\t\n\t\t\t\t\n\t\t\t\t\n\t\t\t\t\n\t\t\t\t\n\t\t\t\t\n\t\t\t\t\n\t\t\t\t\n\t\t\t\t\n\t\t\t\t\n\t\t\t\t\n\t\t\t\t\t\t\t\t\t<a rel=\"noopener noreferrer nofollow\" href=\"https:\/\/api.whatsapp.com\/send?text=https%3A%2F%2Fcanlibahistahminlerim.com%2Fistanbulspor-1-5-fenerbahce%2F\" target=\"_blank\" class=\"whatsapp-desktop  wd-social-icon social-whatsapp\" aria-label=\"WhatsApp sosyal ba\u011flant\u0131s\u0131\">\n\t\t\t\t\t\t<span class=\"wd-icon\"><\/span>\n\t\t\t\t\t\t\t\t\t\t\t<\/a>\n\t\t\t\t\t\n\t\t\t\t\t<a rel=\"noopener noreferrer nofollow\" href=\"whatsapp:\/\/send?text=https%3A%2F%2Fcanlibahistahminlerim.com%2Fistanbulspor-1-5-fenerbahce%2F\" target=\"_blank\" class=\"whatsapp-mobile  wd-social-icon social-whatsapp\" aria-label=\"WhatsApp sosyal ba\u011flant\u0131s\u0131\">\n\t\t\t\t\t\t<span class=\"wd-icon\"><\/span>\n\t\t\t\t\t\t\t\t\t\t\t<\/a>\n\t\t\t\t\n\t\t\t\t\t\t\t\t\n\t\t\t\t\t\t\t\t\n\t\t\t\t\n\t\t\t\t\n\t\t\t\t\t\t\t\t\t<a rel=\"noopener noreferrer nofollow\" href=\"https:\/\/telegram.me\/share\/url?url=https:\/\/canlibahistahminlerim.com\/istanbulspor-1-5-fenerbahce\/\" target=\"_blank\" class=\" wd-social-icon social-tg\" aria-label=\"Telegram sosyal medya linki\">\n\t\t\t\t\t\t<span class=\"wd-icon\"><\/span>\n\t\t\t\t\t\t\t\t\t\t\t<\/a>\n\t\t\t\t\t\t\t\t\n\t\t\t\t\n\t\t\t<\/div>\n\n\t\t\t\t\t\t\t\t\t<\/div>\n\t\t\t\t\t\t<\/div>\n\t\t\t\t\t\t\t\t\t\t\t\t\n\t\t\t\t\t\t\t\n\t\t\t\t                    <div class=\"entry-content wd-entry-content\">\n\t\t\t\t\t\t\u0130stanbulspor 1-5 Fenerbah\u00e7e\u2026 Fenerbah\u00e7e deplasmanda \u0130stanbulspor\u2019u Cengiz \u00dcnder ve Dzeko\u2019nun...\n\t\t\t\t\t\t\t\t\t\t\t<\/div><!-- .entry-content -->\n\t\t\t\t\n\t\t\t\t\t\t\t\t\t\t\t\t\t\t<p class=\"read-more-section\">\n\t\t\t\t\t\t<a class=\"btn-read-more more-link\" href=\"https:\/\/canlibahistahminlerim.com\/istanbulspor-1-5-fenerbahce\/\">Okumaya devam et<\/a>\t\t\t\t\t<\/p>\n\t\t\t\t\t\t\t\t\t\t\t\n\t\t\t\n\t\t\t\t\t<\/div>\n\t<\/div>\n<\/article><!-- #post -->\n\n\n\t\t\t\t\t\t\t\t\t\t\t\n<article id=\"post-61417\" class=\"wd-post blog-design-masonry blog-post-loop blog-style-bg wd-add-shadow wd-col post-61417 post type-post status-publish format-standard has-post-thumbnail hentry category-guncel-spor-haberleri category-futbol category-spor-haberleri tag-super-ligden-mohamed-elnenyyi-ikna-eden-teklif\">\n\t<div class=\"article-inner\">\n\t\t\t\t\t<header class=\"entry-header\">\n\t\t\t\t\t\t\t\t\t<figure id=\"carousel-961\" class=\"entry-thumbnail\">\n\t\t\t\t\t\t\n\t\t\t\t\t\t\t<div class=\"post-img-wrapp\">\n\t\t\t\t\t\t\t\t<a href=\"https:\/\/canlibahistahminlerim.com\/super-ligden-mohamed-elnenyyi-ikna-eden-teklif\/\">\n\t\t\t\t\t\t\t\t\t<img width=\"1300\" height=\"731\" src=\"https:\/\/canlibahistahminlerim.com\/wp-content\/uploads\/2024\/01\/SUPER_LIGDEN_MOHAMED_ELNENYYI_IKNA_EDEN_TEKLIF-1300x731.jpg\" class=\"attachment-large size-large\" alt=\"S\u00fcper Lig&#039;den Mohamed Elneny&#039;yi ikna eden teklif\" decoding=\"async\" srcset=\"https:\/\/canlibahistahminlerim.com\/wp-content\/uploads\/2024\/01\/SUPER_LIGDEN_MOHAMED_ELNENYYI_IKNA_EDEN_TEKLIF-1300x731.jpg 1300w, https:\/\/canlibahistahminlerim.com\/wp-content\/uploads\/2024\/01\/SUPER_LIGDEN_MOHAMED_ELNENYYI_IKNA_EDEN_TEKLIF-400x225.jpg 400w, https:\/\/canlibahistahminlerim.com\/wp-content\/uploads\/2024\/01\/SUPER_LIGDEN_MOHAMED_ELNENYYI_IKNA_EDEN_TEKLIF-768x432.jpg 768w, https:\/\/canlibahistahminlerim.com\/wp-content\/uploads\/2024\/01\/SUPER_LIGDEN_MOHAMED_ELNENYYI_IKNA_EDEN_TEKLIF-1536x864.jpg 1536w, https:\/\/canlibahistahminlerim.com\/wp-content\/uploads\/2024\/01\/SUPER_LIGDEN_MOHAMED_ELNENYYI_IKNA_EDEN_TEKLIF.jpg 1920w\" sizes=\"(max-width: 1300px) 100vw, 1300px\" \/>\t\t\t\t\t\t\t\t<\/a>\n\t\t\t\t\t\t\t<\/div>\n\t\t\t\t\t\t\t<div class=\"post-image-mask\">\n\t\t\t\t\t\t\t\t<span><\/span>\n\t\t\t\t\t\t\t<\/div>\n\n\t\t\t\t\t\t\n\t\t\t\t\t<\/figure>\n\t\t\t\t\n\t\t\t\t\t\t\t\t\t\t\t\t<div class=\"post-date wd-post-date wd-style-with-bg\">\n\t\t\t\t<span class=\"post-date-day\">\n\t\t\t\t\t10\t\t\t\t<\/span>\n\t\t\t\t<span class=\"post-date-month\">\n\t\t\t\t\tOca\t\t\t\t<\/span>\n\t\t\t<\/div>\n\t\t\t\t\t\t\n\t\t\t<\/header><!-- .entry-header -->\n\n\t\t<div class=\"article-body-container\">\n\t\t\t\n\t\t\t\t\t\t\t\t\t<div class=\"meta-categories-wrapp\"><div class=\"meta-post-categories wd-post-cat wd-style-with-bg\"><a href=\"https:\/\/canlibahistahminlerim.com\/guncel-spor-haberleri\/\" rel=\"category tag\">G\u00dcNCEL SPOR HABERLER\u0130<\/a>, <a href=\"https:\/\/canlibahistahminlerim.com\/spor-haberleri\/futbol\/\" rel=\"category tag\">Futbol<\/a>, <a href=\"https:\/\/canlibahistahminlerim.com\/spor-haberleri\/\" rel=\"category tag\">Spor Haberleri<\/a><\/div><\/div>\n\t\t\t\t\n\t\t\t\t\t\t\t\t\t<h3 class=\"wd-entities-title title post-title\">\n\t\t\t\t\t\t<a href=\"https:\/\/canlibahistahminlerim.com\/super-ligden-mohamed-elnenyyi-ikna-eden-teklif\/\" rel=\"bookmark\">S\u00fcper Lig&#8217;den Mohamed Elneny&#8217;yi ikna eden teklif<\/a>\n\t\t\t\t\t<\/h3>\n\t\t\t\t\n\t\t\t\t\t\t\t\t\t<div class=\"entry-meta wd-entry-meta\">\n\t\t\t\t\t\t\t\t\t<ul class=\"entry-meta-list\">\n\t\t\t\t\t\t\t\t\t<li class=\"modified-date\">\n\t\t\t\t\t\t\t\t<time class=\"updated\" datetime=\"2024-01-10T17:27:22+03:00\">\n\t\t\t10 Ocak 2024\t\t<\/time>\n\t\t\t\t\t\t\t<\/li>\n\n\t\t\t\t\t\n\t\t\t\t\t\t\t\t\t\t\t<li class=\"meta-author\">\n\t\t\t\t\t\t\t\t\t\t\t\t<span>Taraf\u0131ndan<\/span>\n\t\t\n\t\t\t\t\t<img alt='author-avatar' src='https:\/\/secure.gravatar.com\/avatar\/7425033c41e2dfed89ffe1cc678c2a73?s=32&#038;d=mm&#038;r=g' srcset='https:\/\/secure.gravatar.com\/avatar\/7425033c41e2dfed89ffe1cc678c2a73?s=64&#038;d=mm&#038;r=g 2x' class='avatar avatar-32 photo' height='32' width='32' decoding='async'\/>\t\t\n\t\t<a href=\"https:\/\/canlibahistahminlerim.com\/author\/admin\/\" rel=\"author\">\n\t\t\t<span class=\"vcard author author_name\">\n\t\t\t\t<span class=\"fn\">BNSEO<\/span>\n\t\t\t<\/span>\n\t\t<\/a>\n\t\t\t\t\t\t\t\t<\/li>\n\t\t\t\t\t\n\t\t\t\t\t\n\t\t\t\t\t\t\t\t\t\t\t<li class=\"meta-reply\">\n\t\t\t\t\t\t\t<a href=\"https:\/\/canlibahistahminlerim.com\/super-ligden-mohamed-elnenyyi-ikna-eden-teklif\/#respond\"><span class=\"replies-count\">0<\/span> <span class=\"replies-count-label\">yorumlar<\/span><\/a>\t\t\t\t\t\t<\/li>\n\t\t\t\t\t\t\t\t\t\t\t\t<\/ul>\n\t\t\t\t\t\t\t<\/div><!-- .entry-meta -->\n\t\t\t\t\t\t\t\t\t\t\t<div class=\"hovered-social-icons wd-tltp wd-tltp-top\">\n\t\t\t\t\t\t\t<div class=\"wd-tooltip-label\">\n\t\t\t\t\t\t\t\t\n\t\t\t<div class=\" wd-social-icons icons-design-default icons-size-small color-scheme-light social-share social-form-circle text-center\">\n\n\t\t\t\t\n\t\t\t\t\t\t\t\t\t<a rel=\"noopener noreferrer nofollow\" href=\"https:\/\/www.facebook.com\/sharer\/sharer.php?u=https:\/\/canlibahistahminlerim.com\/super-ligden-mohamed-elnenyyi-ikna-eden-teklif\/\" target=\"_blank\" class=\" wd-social-icon social-facebook\" aria-label=\"Facebook sosyal ba\u011flant\u0131s\u0131\">\n\t\t\t\t\t\t<span class=\"wd-icon\"><\/span>\n\t\t\t\t\t\t\t\t\t\t\t<\/a>\n\t\t\t\t\n\t\t\t\t\t\t\t\t\t<a rel=\"noopener noreferrer nofollow\" href=\"https:\/\/x.com\/share?url=https:\/\/canlibahistahminlerim.com\/super-ligden-mohamed-elnenyyi-ikna-eden-teklif\/\" target=\"_blank\" class=\" wd-social-icon social-twitter\" aria-label=\"X social link\">\n\t\t\t\t\t\t<span class=\"wd-icon\"><\/span>\n\t\t\t\t\t\t\t\t\t\t\t<\/a>\n\t\t\t\t\n\t\t\t\t\n\t\t\t\t\n\t\t\t\t\n\t\t\t\t\t\t\t\t\t<a rel=\"noopener noreferrer nofollow\" href=\"https:\/\/pinterest.com\/pin\/create\/button\/?url=https:\/\/canlibahistahminlerim.com\/super-ligden-mohamed-elnenyyi-ikna-eden-teklif\/&media=https:\/\/canlibahistahminlerim.com\/wp-content\/uploads\/2024\/01\/SUPER_LIGDEN_MOHAMED_ELNENYYI_IKNA_EDEN_TEKLIF.jpg&description=S%C3%BCper+Lig%26%238217%3Bden+Mohamed+Elneny%26%238217%3Byi+ikna+eden+teklif\" target=\"_blank\" class=\" wd-social-icon social-pinterest\" aria-label=\"Pinterest sosyal ba\u011flant\u0131s\u0131\">\n\t\t\t\t\t\t<span class=\"wd-icon\"><\/span>\n\t\t\t\t\t\t\t\t\t\t\t<\/a>\n\t\t\t\t\n\t\t\t\t\n\t\t\t\t\n\t\t\t\t\n\t\t\t\t\n\t\t\t\t\n\t\t\t\t\n\t\t\t\t\n\t\t\t\t\n\t\t\t\t\n\t\t\t\t\n\t\t\t\t\t\t\t\t\t<a rel=\"noopener noreferrer nofollow\" href=\"https:\/\/api.whatsapp.com\/send?text=https%3A%2F%2Fcanlibahistahminlerim.com%2Fsuper-ligden-mohamed-elnenyyi-ikna-eden-teklif%2F\" target=\"_blank\" class=\"whatsapp-desktop  wd-social-icon social-whatsapp\" aria-label=\"WhatsApp sosyal ba\u011flant\u0131s\u0131\">\n\t\t\t\t\t\t<span class=\"wd-icon\"><\/span>\n\t\t\t\t\t\t\t\t\t\t\t<\/a>\n\t\t\t\t\t\n\t\t\t\t\t<a rel=\"noopener noreferrer nofollow\" href=\"whatsapp:\/\/send?text=https%3A%2F%2Fcanlibahistahminlerim.com%2Fsuper-ligden-mohamed-elnenyyi-ikna-eden-teklif%2F\" target=\"_blank\" class=\"whatsapp-mobile  wd-social-icon social-whatsapp\" aria-label=\"WhatsApp sosyal ba\u011flant\u0131s\u0131\">\n\t\t\t\t\t\t<span class=\"wd-icon\"><\/span>\n\t\t\t\t\t\t\t\t\t\t\t<\/a>\n\t\t\t\t\n\t\t\t\t\t\t\t\t\n\t\t\t\t\t\t\t\t\n\t\t\t\t\n\t\t\t\t\n\t\t\t\t\t\t\t\t\t<a rel=\"noopener noreferrer nofollow\" href=\"https:\/\/telegram.me\/share\/url?url=https:\/\/canlibahistahminlerim.com\/super-ligden-mohamed-elnenyyi-ikna-eden-teklif\/\" target=\"_blank\" class=\" wd-social-icon social-tg\" aria-label=\"Telegram sosyal medya linki\">\n\t\t\t\t\t\t<span class=\"wd-icon\"><\/span>\n\t\t\t\t\t\t\t\t\t\t\t<\/a>\n\t\t\t\t\t\t\t\t\n\t\t\t\t\n\t\t\t<\/div>\n\n\t\t\t\t\t\t\t\t\t<\/div>\n\t\t\t\t\t\t<\/div>\n\t\t\t\t\t\t\t\t\t\t\t\t\n\t\t\t\t\t\t\t\n\t\t\t\t                    <div class=\"entry-content wd-entry-content\">\n\t\t\t\t\t\tM\u0131s\u0131rl\u0131 y\u0131ld\u0131z orta saha oyuncusu Mohammed Elneny s\u00fcper ligin iki...\n\t\t\t\t\t\t\t\t\t\t\t<\/div><!-- .entry-content -->\n\t\t\t\t\n\t\t\t\t\t\t\t\t\t\t\t\t\t\t<p class=\"read-more-section\">\n\t\t\t\t\t\t<a class=\"btn-read-more more-link\" href=\"https:\/\/canlibahistahminlerim.com\/super-ligden-mohamed-elnenyyi-ikna-eden-teklif\/\">Okumaya devam et<\/a>\t\t\t\t\t<\/p>\n\t\t\t\t\t\t\t\t\t\t\t\n\t\t\t\n\t\t\t\t\t<\/div>\n\t<\/div>\n<\/article><!-- #post -->\n\n\n\t\t\t\t\t\t\t\t\t\t\t\n<article id=\"post-61424\" class=\"wd-post blog-design-masonry blog-post-loop blog-style-bg wd-add-shadow wd-col post-61424 post type-post status-publish format-standard has-post-thumbnail hentry category-guncel-spor-haberleri category-futbol category-spor-haberleri tag-rafael-leaoya-gore-dunyanin-en-iyi-11i\">\n\t<div class=\"article-inner\">\n\t\t\t\t\t<header class=\"entry-header\">\n\t\t\t\t\t\t\t\t\t<figure id=\"carousel-155\" class=\"entry-thumbnail\">\n\t\t\t\t\t\t\n\t\t\t\t\t\t\t<div class=\"post-img-wrapp\">\n\t\t\t\t\t\t\t\t<a href=\"https:\/\/canlibahistahminlerim.com\/rafael-leaoya-gore-dunyanin-en-iyi-11i\/\">\n\t\t\t\t\t\t\t\t\t<img width=\"1300\" height=\"731\" src=\"https:\/\/canlibahistahminlerim.com\/wp-content\/uploads\/2024\/01\/RAFAEL-LEAOYA-GORE-DUNYANIN-EN-IYI-11I-1300x731.jpg\" class=\"attachment-large size-large\" alt=\"Rafael Leao&#039;ya g\u00f6re d\u00fcnyan\u0131n en iyi 11&#039;i \u00a0\" decoding=\"async\" srcset=\"https:\/\/canlibahistahminlerim.com\/wp-content\/uploads\/2024\/01\/RAFAEL-LEAOYA-GORE-DUNYANIN-EN-IYI-11I-1300x731.jpg 1300w, https:\/\/canlibahistahminlerim.com\/wp-content\/uploads\/2024\/01\/RAFAEL-LEAOYA-GORE-DUNYANIN-EN-IYI-11I-400x225.jpg 400w, https:\/\/canlibahistahminlerim.com\/wp-content\/uploads\/2024\/01\/RAFAEL-LEAOYA-GORE-DUNYANIN-EN-IYI-11I-768x432.jpg 768w, https:\/\/canlibahistahminlerim.com\/wp-content\/uploads\/2024\/01\/RAFAEL-LEAOYA-GORE-DUNYANIN-EN-IYI-11I-1536x864.jpg 1536w, https:\/\/canlibahistahminlerim.com\/wp-content\/uploads\/2024\/01\/RAFAEL-LEAOYA-GORE-DUNYANIN-EN-IYI-11I.jpg 1920w\" sizes=\"(max-width: 1300px) 100vw, 1300px\" \/>\t\t\t\t\t\t\t\t<\/a>\n\t\t\t\t\t\t\t<\/div>\n\t\t\t\t\t\t\t<div class=\"post-image-mask\">\n\t\t\t\t\t\t\t\t<span><\/span>\n\t\t\t\t\t\t\t<\/div>\n\n\t\t\t\t\t\t\n\t\t\t\t\t<\/figure>\n\t\t\t\t\n\t\t\t\t\t\t\t\t\t\t\t\t<div class=\"post-date wd-post-date wd-style-with-bg\">\n\t\t\t\t<span class=\"post-date-day\">\n\t\t\t\t\t09\t\t\t\t<\/span>\n\t\t\t\t<span class=\"post-date-month\">\n\t\t\t\t\tOca\t\t\t\t<\/span>\n\t\t\t<\/div>\n\t\t\t\t\t\t\n\t\t\t<\/header><!-- .entry-header -->\n\n\t\t<div class=\"article-body-container\">\n\t\t\t\n\t\t\t\t\t\t\t\t\t<div class=\"meta-categories-wrapp\"><div class=\"meta-post-categories wd-post-cat wd-style-with-bg\"><a href=\"https:\/\/canlibahistahminlerim.com\/guncel-spor-haberleri\/\" rel=\"category tag\">G\u00dcNCEL SPOR HABERLER\u0130<\/a>, <a href=\"https:\/\/canlibahistahminlerim.com\/spor-haberleri\/futbol\/\" rel=\"category tag\">Futbol<\/a>, <a href=\"https:\/\/canlibahistahminlerim.com\/spor-haberleri\/\" rel=\"category tag\">Spor Haberleri<\/a><\/div><\/div>\n\t\t\t\t\n\t\t\t\t\t\t\t\t\t<h3 class=\"wd-entities-title title post-title\">\n\t\t\t\t\t\t<a href=\"https:\/\/canlibahistahminlerim.com\/rafael-leaoya-gore-dunyanin-en-iyi-11i\/\" rel=\"bookmark\">Rafael Leao&#8217;ya g\u00f6re d\u00fcnyan\u0131n en iyi 11&#8217;i  \u00a0<\/a>\n\t\t\t\t\t<\/h3>\n\t\t\t\t\n\t\t\t\t\t\t\t\t\t<div class=\"entry-meta wd-entry-meta\">\n\t\t\t\t\t\t\t\t\t<ul class=\"entry-meta-list\">\n\t\t\t\t\t\t\t\t\t<li class=\"modified-date\">\n\t\t\t\t\t\t\t\t<time class=\"updated\" datetime=\"2024-01-10T17:25:00+03:00\">\n\t\t\t10 Ocak 2024\t\t<\/time>\n\t\t\t\t\t\t\t<\/li>\n\n\t\t\t\t\t\n\t\t\t\t\t\t\t\t\t\t\t<li class=\"meta-author\">\n\t\t\t\t\t\t\t\t\t\t\t\t<span>Taraf\u0131ndan<\/span>\n\t\t\n\t\t\t\t\t<img alt='author-avatar' src='https:\/\/secure.gravatar.com\/avatar\/7425033c41e2dfed89ffe1cc678c2a73?s=32&#038;d=mm&#038;r=g' srcset='https:\/\/secure.gravatar.com\/avatar\/7425033c41e2dfed89ffe1cc678c2a73?s=64&#038;d=mm&#038;r=g 2x' class='avatar avatar-32 photo' height='32' width='32' decoding='async'\/>\t\t\n\t\t<a href=\"https:\/\/canlibahistahminlerim.com\/author\/admin\/\" rel=\"author\">\n\t\t\t<span class=\"vcard author author_name\">\n\t\t\t\t<span class=\"fn\">BNSEO<\/span>\n\t\t\t<\/span>\n\t\t<\/a>\n\t\t\t\t\t\t\t\t<\/li>\n\t\t\t\t\t\n\t\t\t\t\t\n\t\t\t\t\t\t\t\t\t\t\t<li class=\"meta-reply\">\n\t\t\t\t\t\t\t<a href=\"https:\/\/canlibahistahminlerim.com\/rafael-leaoya-gore-dunyanin-en-iyi-11i\/#respond\"><span class=\"replies-count\">0<\/span> <span class=\"replies-count-label\">yorumlar<\/span><\/a>\t\t\t\t\t\t<\/li>\n\t\t\t\t\t\t\t\t\t\t\t\t<\/ul>\n\t\t\t\t\t\t\t<\/div><!-- .entry-meta -->\n\t\t\t\t\t\t\t\t\t\t\t<div class=\"hovered-social-icons wd-tltp wd-tltp-top\">\n\t\t\t\t\t\t\t<div class=\"wd-tooltip-label\">\n\t\t\t\t\t\t\t\t\n\t\t\t<div class=\" wd-social-icons icons-design-default icons-size-small color-scheme-light social-share social-form-circle text-center\">\n\n\t\t\t\t\n\t\t\t\t\t\t\t\t\t<a rel=\"noopener noreferrer nofollow\" href=\"https:\/\/www.facebook.com\/sharer\/sharer.php?u=https:\/\/canlibahistahminlerim.com\/rafael-leaoya-gore-dunyanin-en-iyi-11i\/\" target=\"_blank\" class=\" wd-social-icon social-facebook\" aria-label=\"Facebook sosyal ba\u011flant\u0131s\u0131\">\n\t\t\t\t\t\t<span class=\"wd-icon\"><\/span>\n\t\t\t\t\t\t\t\t\t\t\t<\/a>\n\t\t\t\t\n\t\t\t\t\t\t\t\t\t<a rel=\"noopener noreferrer nofollow\" href=\"https:\/\/x.com\/share?url=https:\/\/canlibahistahminlerim.com\/rafael-leaoya-gore-dunyanin-en-iyi-11i\/\" target=\"_blank\" class=\" wd-social-icon social-twitter\" aria-label=\"X social link\">\n\t\t\t\t\t\t<span class=\"wd-icon\"><\/span>\n\t\t\t\t\t\t\t\t\t\t\t<\/a>\n\t\t\t\t\n\t\t\t\t\n\t\t\t\t\n\t\t\t\t\n\t\t\t\t\t\t\t\t\t<a rel=\"noopener noreferrer nofollow\" href=\"https:\/\/pinterest.com\/pin\/create\/button\/?url=https:\/\/canlibahistahminlerim.com\/rafael-leaoya-gore-dunyanin-en-iyi-11i\/&media=https:\/\/canlibahistahminlerim.com\/wp-content\/uploads\/2024\/01\/RAFAEL-LEAOYA-GORE-DUNYANIN-EN-IYI-11I.jpg&description=Rafael+Leao%26%238217%3Bya+g%C3%B6re+d%C3%BCnyan%C4%B1n+en+iyi+11%26%238217%3Bi++%C2%A0\" target=\"_blank\" class=\" wd-social-icon social-pinterest\" aria-label=\"Pinterest sosyal ba\u011flant\u0131s\u0131\">\n\t\t\t\t\t\t<span class=\"wd-icon\"><\/span>\n\t\t\t\t\t\t\t\t\t\t\t<\/a>\n\t\t\t\t\n\t\t\t\t\n\t\t\t\t\n\t\t\t\t\n\t\t\t\t\n\t\t\t\t\n\t\t\t\t\n\t\t\t\t\n\t\t\t\t\n\t\t\t\t\n\t\t\t\t\n\t\t\t\t\t\t\t\t\t<a rel=\"noopener noreferrer nofollow\" href=\"https:\/\/api.whatsapp.com\/send?text=https%3A%2F%2Fcanlibahistahminlerim.com%2Frafael-leaoya-gore-dunyanin-en-iyi-11i%2F\" target=\"_blank\" class=\"whatsapp-desktop  wd-social-icon social-whatsapp\" aria-label=\"WhatsApp sosyal ba\u011flant\u0131s\u0131\">\n\t\t\t\t\t\t<span class=\"wd-icon\"><\/span>\n\t\t\t\t\t\t\t\t\t\t\t<\/a>\n\t\t\t\t\t\n\t\t\t\t\t<a rel=\"noopener noreferrer nofollow\" href=\"whatsapp:\/\/send?text=https%3A%2F%2Fcanlibahistahminlerim.com%2Frafael-leaoya-gore-dunyanin-en-iyi-11i%2F\" target=\"_blank\" class=\"whatsapp-mobile  wd-social-icon social-whatsapp\" aria-label=\"WhatsApp sosyal ba\u011flant\u0131s\u0131\">\n\t\t\t\t\t\t<span class=\"wd-icon\"><\/span>\n\t\t\t\t\t\t\t\t\t\t\t<\/a>\n\t\t\t\t\n\t\t\t\t\t\t\t\t\n\t\t\t\t\t\t\t\t\n\t\t\t\t\n\t\t\t\t\n\t\t\t\t\t\t\t\t\t<a rel=\"noopener noreferrer nofollow\" href=\"https:\/\/telegram.me\/share\/url?url=https:\/\/canlibahistahminlerim.com\/rafael-leaoya-gore-dunyanin-en-iyi-11i\/\" target=\"_blank\" class=\" wd-social-icon social-tg\" aria-label=\"Telegram sosyal medya linki\">\n\t\t\t\t\t\t<span class=\"wd-icon\"><\/span>\n\t\t\t\t\t\t\t\t\t\t\t<\/a>\n\t\t\t\t\t\t\t\t\n\t\t\t\t\n\t\t\t<\/div>\n\n\t\t\t\t\t\t\t\t\t<\/div>\n\t\t\t\t\t\t<\/div>\n\t\t\t\t\t\t\t\t\t\t\t\t\n\t\t\t\t\t\t\t\n\t\t\t\t                    <div class=\"entry-content wd-entry-content\">\n\t\t\t\t\t\tMilan\u2019\u0131n Portekizli y\u0131ld\u0131z\u0131 Rafael Leao en iyi 11\u2019ini se\u00e7ti. Leao\u2019nun...\n\t\t\t\t\t\t\t\t\t\t\t<\/div><!-- .entry-content -->\n\t\t\t\t\n\t\t\t\t\t\t\t\t\t\t\t\t\t\t<p class=\"read-more-section\">\n\t\t\t\t\t\t<a class=\"btn-read-more more-link\" href=\"https:\/\/canlibahistahminlerim.com\/rafael-leaoya-gore-dunyanin-en-iyi-11i\/\">Okumaya devam et<\/a>\t\t\t\t\t<\/p>\n\t\t\t\t\t\t\t\t\t\t\t\n\t\t\t\n\t\t\t\t\t<\/div>\n\t<\/div>\n<\/article><!-- #post -->\n\n\n\t\t\t\t\t\t\t\t\t\t\t\n<article id=\"post-61415\" class=\"wd-post blog-design-masonry blog-post-loop blog-style-bg wd-add-shadow wd-col post-61415 post type-post status-publish format-standard has-post-thumbnail hentry category-guncel-spor-haberleri category-futbol category-spor-haberleri tag-komsuda-fatih-terim-firtinasi\">\n\t<div class=\"article-inner\">\n\t\t\t\t\t<header class=\"entry-header\">\n\t\t\t\t\t\t\t\t\t<figure id=\"carousel-635\" class=\"entry-thumbnail\">\n\t\t\t\t\t\t\n\t\t\t\t\t\t\t<div class=\"post-img-wrapp\">\n\t\t\t\t\t\t\t\t<a href=\"https:\/\/canlibahistahminlerim.com\/komsuda-fatih-terim-firtinasi\/\">\n\t\t\t\t\t\t\t\t\t<img width=\"1300\" height=\"731\" src=\"https:\/\/canlibahistahminlerim.com\/wp-content\/uploads\/2024\/01\/KOMSUDA-FATIH-TERIM-FIRTINASI-1300x731.jpg\" class=\"attachment-large size-large\" alt=\"\" decoding=\"async\" srcset=\"https:\/\/canlibahistahminlerim.com\/wp-content\/uploads\/2024\/01\/KOMSUDA-FATIH-TERIM-FIRTINASI-1300x731.jpg 1300w, https:\/\/canlibahistahminlerim.com\/wp-content\/uploads\/2024\/01\/KOMSUDA-FATIH-TERIM-FIRTINASI-400x225.jpg 400w, https:\/\/canlibahistahminlerim.com\/wp-content\/uploads\/2024\/01\/KOMSUDA-FATIH-TERIM-FIRTINASI-768x432.jpg 768w, https:\/\/canlibahistahminlerim.com\/wp-content\/uploads\/2024\/01\/KOMSUDA-FATIH-TERIM-FIRTINASI-1536x864.jpg 1536w, https:\/\/canlibahistahminlerim.com\/wp-content\/uploads\/2024\/01\/KOMSUDA-FATIH-TERIM-FIRTINASI.jpg 1920w\" sizes=\"(max-width: 1300px) 100vw, 1300px\" \/>\t\t\t\t\t\t\t\t<\/a>\n\t\t\t\t\t\t\t<\/div>\n\t\t\t\t\t\t\t<div class=\"post-image-mask\">\n\t\t\t\t\t\t\t\t<span><\/span>\n\t\t\t\t\t\t\t<\/div>\n\n\t\t\t\t\t\t\n\t\t\t\t\t<\/figure>\n\t\t\t\t\n\t\t\t\t\t\t\t\t\t\t\t\t<div class=\"post-date wd-post-date wd-style-with-bg\">\n\t\t\t\t<span class=\"post-date-day\">\n\t\t\t\t\t08\t\t\t\t<\/span>\n\t\t\t\t<span class=\"post-date-month\">\n\t\t\t\t\tOca\t\t\t\t<\/span>\n\t\t\t<\/div>\n\t\t\t\t\t\t\n\t\t\t<\/header><!-- .entry-header -->\n\n\t\t<div class=\"article-body-container\">\n\t\t\t\n\t\t\t\t\t\t\t\t\t<div class=\"meta-categories-wrapp\"><div class=\"meta-post-categories wd-post-cat wd-style-with-bg\"><a href=\"https:\/\/canlibahistahminlerim.com\/guncel-spor-haberleri\/\" rel=\"category tag\">G\u00dcNCEL SPOR HABERLER\u0130<\/a>, <a href=\"https:\/\/canlibahistahminlerim.com\/spor-haberleri\/futbol\/\" rel=\"category tag\">Futbol<\/a>, <a href=\"https:\/\/canlibahistahminlerim.com\/spor-haberleri\/\" rel=\"category tag\">Spor Haberleri<\/a><\/div><\/div>\n\t\t\t\t\n\t\t\t\t\t\t\t\t\t<h3 class=\"wd-entities-title title post-title\">\n\t\t\t\t\t\t<a href=\"https:\/\/canlibahistahminlerim.com\/komsuda-fatih-terim-firtinasi\/\" rel=\"bookmark\">Kom\u015fu&#8217;da Fatih Terim f\u0131rt\u0131nas\u0131<\/a>\n\t\t\t\t\t<\/h3>\n\t\t\t\t\n\t\t\t\t\t\t\t\t\t<div class=\"entry-meta wd-entry-meta\">\n\t\t\t\t\t\t\t\t\t<ul class=\"entry-meta-list\">\n\t\t\t\t\t\t\t\t\t<li class=\"modified-date\">\n\t\t\t\t\t\t\t\t<time class=\"updated\" datetime=\"2024-01-10T17:23:29+03:00\">\n\t\t\t10 Ocak 2024\t\t<\/time>\n\t\t\t\t\t\t\t<\/li>\n\n\t\t\t\t\t\n\t\t\t\t\t\t\t\t\t\t\t<li class=\"meta-author\">\n\t\t\t\t\t\t\t\t\t\t\t\t<span>Taraf\u0131ndan<\/span>\n\t\t\n\t\t\t\t\t<img alt='author-avatar' src='https:\/\/secure.gravatar.com\/avatar\/7425033c41e2dfed89ffe1cc678c2a73?s=32&#038;d=mm&#038;r=g' srcset='https:\/\/secure.gravatar.com\/avatar\/7425033c41e2dfed89ffe1cc678c2a73?s=64&#038;d=mm&#038;r=g 2x' class='avatar avatar-32 photo' height='32' width='32' decoding='async'\/>\t\t\n\t\t<a href=\"https:\/\/canlibahistahminlerim.com\/author\/admin\/\" rel=\"author\">\n\t\t\t<span class=\"vcard author author_name\">\n\t\t\t\t<span class=\"fn\">BNSEO<\/span>\n\t\t\t<\/span>\n\t\t<\/a>\n\t\t\t\t\t\t\t\t<\/li>\n\t\t\t\t\t\n\t\t\t\t\t\n\t\t\t\t\t\t\t\t\t\t\t<li class=\"meta-reply\">\n\t\t\t\t\t\t\t<a href=\"https:\/\/canlibahistahminlerim.com\/komsuda-fatih-terim-firtinasi\/#respond\"><span class=\"replies-count\">0<\/span> <span class=\"replies-count-label\">yorumlar<\/span><\/a>\t\t\t\t\t\t<\/li>\n\t\t\t\t\t\t\t\t\t\t\t\t<\/ul>\n\t\t\t\t\t\t\t<\/div><!-- .entry-meta -->\n\t\t\t\t\t\t\t\t\t\t\t<div class=\"hovered-social-icons wd-tltp wd-tltp-top\">\n\t\t\t\t\t\t\t<div class=\"wd-tooltip-label\">\n\t\t\t\t\t\t\t\t\n\t\t\t<div class=\" wd-social-icons icons-design-default icons-size-small color-scheme-light social-share social-form-circle text-center\">\n\n\t\t\t\t\n\t\t\t\t\t\t\t\t\t<a rel=\"noopener noreferrer nofollow\" href=\"https:\/\/www.facebook.com\/sharer\/sharer.php?u=https:\/\/canlibahistahminlerim.com\/komsuda-fatih-terim-firtinasi\/\" target=\"_blank\" class=\" wd-social-icon social-facebook\" aria-label=\"Facebook sosyal ba\u011flant\u0131s\u0131\">\n\t\t\t\t\t\t<span class=\"wd-icon\"><\/span>\n\t\t\t\t\t\t\t\t\t\t\t<\/a>\n\t\t\t\t\n\t\t\t\t\t\t\t\t\t<a rel=\"noopener noreferrer nofollow\" href=\"https:\/\/x.com\/share?url=https:\/\/canlibahistahminlerim.com\/komsuda-fatih-terim-firtinasi\/\" target=\"_blank\" class=\" wd-social-icon social-twitter\" aria-label=\"X social link\">\n\t\t\t\t\t\t<span class=\"wd-icon\"><\/span>\n\t\t\t\t\t\t\t\t\t\t\t<\/a>\n\t\t\t\t\n\t\t\t\t\n\t\t\t\t\n\t\t\t\t\n\t\t\t\t\t\t\t\t\t<a rel=\"noopener noreferrer nofollow\" href=\"https:\/\/pinterest.com\/pin\/create\/button\/?url=https:\/\/canlibahistahminlerim.com\/komsuda-fatih-terim-firtinasi\/&media=https:\/\/canlibahistahminlerim.com\/wp-content\/uploads\/2024\/01\/KOMSUDA-FATIH-TERIM-FIRTINASI.jpg&description=Kom%C5%9Fu%26%238217%3Bda+Fatih+Terim+f%C4%B1rt%C4%B1nas%C4%B1\" target=\"_blank\" class=\" wd-social-icon social-pinterest\" aria-label=\"Pinterest sosyal ba\u011flant\u0131s\u0131\">\n\t\t\t\t\t\t<span class=\"wd-icon\"><\/span>\n\t\t\t\t\t\t\t\t\t\t\t<\/a>\n\t\t\t\t\n\t\t\t\t\n\t\t\t\t\n\t\t\t\t\n\t\t\t\t\n\t\t\t\t\n\t\t\t\t\n\t\t\t\t\n\t\t\t\t\n\t\t\t\t\n\t\t\t\t\n\t\t\t\t\t\t\t\t\t<a rel=\"noopener noreferrer nofollow\" href=\"https:\/\/api.whatsapp.com\/send?text=https%3A%2F%2Fcanlibahistahminlerim.com%2Fkomsuda-fatih-terim-firtinasi%2F\" target=\"_blank\" class=\"whatsapp-desktop  wd-social-icon social-whatsapp\" aria-label=\"WhatsApp sosyal ba\u011flant\u0131s\u0131\">\n\t\t\t\t\t\t<span class=\"wd-icon\"><\/span>\n\t\t\t\t\t\t\t\t\t\t\t<\/a>\n\t\t\t\t\t\n\t\t\t\t\t<a rel=\"noopener noreferrer nofollow\" href=\"whatsapp:\/\/send?text=https%3A%2F%2Fcanlibahistahminlerim.com%2Fkomsuda-fatih-terim-firtinasi%2F\" target=\"_blank\" class=\"whatsapp-mobile  wd-social-icon social-whatsapp\" aria-label=\"WhatsApp sosyal ba\u011flant\u0131s\u0131\">\n\t\t\t\t\t\t<span class=\"wd-icon\"><\/span>\n\t\t\t\t\t\t\t\t\t\t\t<\/a>\n\t\t\t\t\n\t\t\t\t\t\t\t\t\n\t\t\t\t\t\t\t\t\n\t\t\t\t\n\t\t\t\t\n\t\t\t\t\t\t\t\t\t<a rel=\"noopener noreferrer nofollow\" href=\"https:\/\/telegram.me\/share\/url?url=https:\/\/canlibahistahminlerim.com\/komsuda-fatih-terim-firtinasi\/\" target=\"_blank\" class=\" wd-social-icon social-tg\" aria-label=\"Telegram sosyal medya linki\">\n\t\t\t\t\t\t<span class=\"wd-icon\"><\/span>\n\t\t\t\t\t\t\t\t\t\t\t<\/a>\n\t\t\t\t\t\t\t\t\n\t\t\t\t\n\t\t\t<\/div>\n\n\t\t\t\t\t\t\t\t\t<\/div>\n\t\t\t\t\t\t<\/div>\n\t\t\t\t\t\t\t\t\t\t\t\t\n\t\t\t\t\t\t\t\n\t\t\t\t                    <div class=\"entry-content wd-entry-content\">\n\t\t\t\t\t\tFatih Terim\u2019in Panathianikos\u2019ta teknik direkt\u00f6r olmas\u0131yla birlikte Yunanistan\u2019da en \u00e7ok...\n\t\t\t\t\t\t\t\t\t\t\t<\/div><!-- .entry-content -->\n\t\t\t\t\n\t\t\t\t\t\t\t\t\t\t\t\t\t\t<p class=\"read-more-section\">\n\t\t\t\t\t\t<a class=\"btn-read-more more-link\" href=\"https:\/\/canlibahistahminlerim.com\/komsuda-fatih-terim-firtinasi\/\">Okumaya devam et<\/a>\t\t\t\t\t<\/p>\n\t\t\t\t\t\t\t\t\t\t\t\n\t\t\t\n\t\t\t\t\t<\/div>\n\t<\/div>\n<\/article><!-- #post -->\n\n\n\t\t\t\t\t\t\t\t\t\t\t\n<article id=\"post-61414\" class=\"wd-post blog-design-masonry blog-post-loop blog-style-bg wd-add-shadow wd-col post-61414 post type-post status-publish format-standard has-post-thumbnail hentry category-guncel-spor-haberleri category-futbol category-spor-haberleri tag-galatasaraydan-1-5-milyarlik-rekor-gelir-hedefi\">\n\t<div class=\"article-inner\">\n\t\t\t\t\t<header class=\"entry-header\">\n\t\t\t\t\t\t\t\t\t<figure id=\"carousel-910\" class=\"entry-thumbnail\">\n\t\t\t\t\t\t\n\t\t\t\t\t\t\t<div class=\"post-img-wrapp\">\n\t\t\t\t\t\t\t\t<a href=\"https:\/\/canlibahistahminlerim.com\/galatasaraydan-1-5-milyarlik-rekor-gelir-hedefi\/\">\n\t\t\t\t\t\t\t\t\t<img width=\"1300\" height=\"731\" src=\"https:\/\/canlibahistahminlerim.com\/wp-content\/uploads\/2024\/01\/GALATASARAYDAN-1.5-MILYARLIK-REKOR-GELIR-HEDEFI-1300x731.jpg\" class=\"attachment-large size-large\" alt=\"Galatasaray&#039;dan 1.5 milyarl\u0131k rekor gelir hedefi\" decoding=\"async\" srcset=\"https:\/\/canlibahistahminlerim.com\/wp-content\/uploads\/2024\/01\/GALATASARAYDAN-1.5-MILYARLIK-REKOR-GELIR-HEDEFI-1300x731.jpg 1300w, https:\/\/canlibahistahminlerim.com\/wp-content\/uploads\/2024\/01\/GALATASARAYDAN-1.5-MILYARLIK-REKOR-GELIR-HEDEFI-400x225.jpg 400w, https:\/\/canlibahistahminlerim.com\/wp-content\/uploads\/2024\/01\/GALATASARAYDAN-1.5-MILYARLIK-REKOR-GELIR-HEDEFI-768x432.jpg 768w, https:\/\/canlibahistahminlerim.com\/wp-content\/uploads\/2024\/01\/GALATASARAYDAN-1.5-MILYARLIK-REKOR-GELIR-HEDEFI-1536x864.jpg 1536w, https:\/\/canlibahistahminlerim.com\/wp-content\/uploads\/2024\/01\/GALATASARAYDAN-1.5-MILYARLIK-REKOR-GELIR-HEDEFI.jpg 1920w\" sizes=\"(max-width: 1300px) 100vw, 1300px\" \/>\t\t\t\t\t\t\t\t<\/a>\n\t\t\t\t\t\t\t<\/div>\n\t\t\t\t\t\t\t<div class=\"post-image-mask\">\n\t\t\t\t\t\t\t\t<span><\/span>\n\t\t\t\t\t\t\t<\/div>\n\n\t\t\t\t\t\t\n\t\t\t\t\t<\/figure>\n\t\t\t\t\n\t\t\t\t\t\t\t\t\t\t\t\t<div class=\"post-date wd-post-date wd-style-with-bg\">\n\t\t\t\t<span class=\"post-date-day\">\n\t\t\t\t\t07\t\t\t\t<\/span>\n\t\t\t\t<span class=\"post-date-month\">\n\t\t\t\t\tOca\t\t\t\t<\/span>\n\t\t\t<\/div>\n\t\t\t\t\t\t\n\t\t\t<\/header><!-- .entry-header -->\n\n\t\t<div class=\"article-body-container\">\n\t\t\t\n\t\t\t\t\t\t\t\t\t<div class=\"meta-categories-wrapp\"><div class=\"meta-post-categories wd-post-cat wd-style-with-bg\"><a href=\"https:\/\/canlibahistahminlerim.com\/guncel-spor-haberleri\/\" rel=\"category tag\">G\u00dcNCEL SPOR HABERLER\u0130<\/a>, <a href=\"https:\/\/canlibahistahminlerim.com\/spor-haberleri\/futbol\/\" rel=\"category tag\">Futbol<\/a>, <a href=\"https:\/\/canlibahistahminlerim.com\/spor-haberleri\/\" rel=\"category tag\">Spor Haberleri<\/a><\/div><\/div>\n\t\t\t\t\n\t\t\t\t\t\t\t\t\t<h3 class=\"wd-entities-title title post-title\">\n\t\t\t\t\t\t<a href=\"https:\/\/canlibahistahminlerim.com\/galatasaraydan-1-5-milyarlik-rekor-gelir-hedefi\/\" rel=\"bookmark\">Galatasaray&#8217;dan 1.5 milyarl\u0131k rekor gelir hedefi<\/a>\n\t\t\t\t\t<\/h3>\n\t\t\t\t\n\t\t\t\t\t\t\t\t\t<div class=\"entry-meta wd-entry-meta\">\n\t\t\t\t\t\t\t\t\t<ul class=\"entry-meta-list\">\n\t\t\t\t\t\t\t\t\t<li class=\"modified-date\">\n\t\t\t\t\t\t\t\t<time class=\"updated\" datetime=\"2024-01-10T17:22:11+03:00\">\n\t\t\t10 Ocak 2024\t\t<\/time>\n\t\t\t\t\t\t\t<\/li>\n\n\t\t\t\t\t\n\t\t\t\t\t\t\t\t\t\t\t<li class=\"meta-author\">\n\t\t\t\t\t\t\t\t\t\t\t\t<span>Taraf\u0131ndan<\/span>\n\t\t\n\t\t\t\t\t<img alt='author-avatar' src='https:\/\/secure.gravatar.com\/avatar\/7425033c41e2dfed89ffe1cc678c2a73?s=32&#038;d=mm&#038;r=g' srcset='https:\/\/secure.gravatar.com\/avatar\/7425033c41e2dfed89ffe1cc678c2a73?s=64&#038;d=mm&#038;r=g 2x' class='avatar avatar-32 photo' height='32' width='32' decoding='async'\/>\t\t\n\t\t<a href=\"https:\/\/canlibahistahminlerim.com\/author\/admin\/\" rel=\"author\">\n\t\t\t<span class=\"vcard author author_name\">\n\t\t\t\t<span class=\"fn\">BNSEO<\/span>\n\t\t\t<\/span>\n\t\t<\/a>\n\t\t\t\t\t\t\t\t<\/li>\n\t\t\t\t\t\n\t\t\t\t\t\n\t\t\t\t\t\t\t\t\t\t\t<li class=\"meta-reply\">\n\t\t\t\t\t\t\t<a href=\"https:\/\/canlibahistahminlerim.com\/galatasaraydan-1-5-milyarlik-rekor-gelir-hedefi\/#respond\"><span class=\"replies-count\">0<\/span> <span class=\"replies-count-label\">yorumlar<\/span><\/a>\t\t\t\t\t\t<\/li>\n\t\t\t\t\t\t\t\t\t\t\t\t<\/ul>\n\t\t\t\t\t\t\t<\/div><!-- .entry-meta -->\n\t\t\t\t\t\t\t\t\t\t\t<div class=\"hovered-social-icons wd-tltp wd-tltp-top\">\n\t\t\t\t\t\t\t<div class=\"wd-tooltip-label\">\n\t\t\t\t\t\t\t\t\n\t\t\t<div class=\" wd-social-icons icons-design-default icons-size-small color-scheme-light social-share social-form-circle text-center\">\n\n\t\t\t\t\n\t\t\t\t\t\t\t\t\t<a rel=\"noopener noreferrer nofollow\" href=\"https:\/\/www.facebook.com\/sharer\/sharer.php?u=https:\/\/canlibahistahminlerim.com\/galatasaraydan-1-5-milyarlik-rekor-gelir-hedefi\/\" target=\"_blank\" class=\" wd-social-icon social-facebook\" aria-label=\"Facebook sosyal ba\u011flant\u0131s\u0131\">\n\t\t\t\t\t\t<span class=\"wd-icon\"><\/span>\n\t\t\t\t\t\t\t\t\t\t\t<\/a>\n\t\t\t\t\n\t\t\t\t\t\t\t\t\t<a rel=\"noopener noreferrer nofollow\" href=\"https:\/\/x.com\/share?url=https:\/\/canlibahistahminlerim.com\/galatasaraydan-1-5-milyarlik-rekor-gelir-hedefi\/\" target=\"_blank\" class=\" wd-social-icon social-twitter\" aria-label=\"X social link\">\n\t\t\t\t\t\t<span class=\"wd-icon\"><\/span>\n\t\t\t\t\t\t\t\t\t\t\t<\/a>\n\t\t\t\t\n\t\t\t\t\n\t\t\t\t\n\t\t\t\t\n\t\t\t\t\t\t\t\t\t<a rel=\"noopener noreferrer nofollow\" href=\"https:\/\/pinterest.com\/pin\/create\/button\/?url=https:\/\/canlibahistahminlerim.com\/galatasaraydan-1-5-milyarlik-rekor-gelir-hedefi\/&media=https:\/\/canlibahistahminlerim.com\/wp-content\/uploads\/2024\/01\/GALATASARAYDAN-1.5-MILYARLIK-REKOR-GELIR-HEDEFI.jpg&description=Galatasaray%26%238217%3Bdan+1.5+milyarl%C4%B1k+rekor+gelir+hedefi\" target=\"_blank\" class=\" wd-social-icon social-pinterest\" aria-label=\"Pinterest sosyal ba\u011flant\u0131s\u0131\">\n\t\t\t\t\t\t<span class=\"wd-icon\"><\/span>\n\t\t\t\t\t\t\t\t\t\t\t<\/a>\n\t\t\t\t\n\t\t\t\t\n\t\t\t\t\n\t\t\t\t\n\t\t\t\t\n\t\t\t\t\n\t\t\t\t\n\t\t\t\t\n\t\t\t\t\n\t\t\t\t\n\t\t\t\t\n\t\t\t\t\t\t\t\t\t<a rel=\"noopener noreferrer nofollow\" href=\"https:\/\/api.whatsapp.com\/send?text=https%3A%2F%2Fcanlibahistahminlerim.com%2Fgalatasaraydan-1-5-milyarlik-rekor-gelir-hedefi%2F\" target=\"_blank\" class=\"whatsapp-desktop  wd-social-icon social-whatsapp\" aria-label=\"WhatsApp sosyal ba\u011flant\u0131s\u0131\">\n\t\t\t\t\t\t<span class=\"wd-icon\"><\/span>\n\t\t\t\t\t\t\t\t\t\t\t<\/a>\n\t\t\t\t\t\n\t\t\t\t\t<a rel=\"noopener noreferrer nofollow\" href=\"whatsapp:\/\/send?text=https%3A%2F%2Fcanlibahistahminlerim.com%2Fgalatasaraydan-1-5-milyarlik-rekor-gelir-hedefi%2F\" target=\"_blank\" class=\"whatsapp-mobile  wd-social-icon social-whatsapp\" aria-label=\"WhatsApp sosyal ba\u011flant\u0131s\u0131\">\n\t\t\t\t\t\t<span class=\"wd-icon\"><\/span>\n\t\t\t\t\t\t\t\t\t\t\t<\/a>\n\t\t\t\t\n\t\t\t\t\t\t\t\t\n\t\t\t\t\t\t\t\t\n\t\t\t\t\n\t\t\t\t\n\t\t\t\t\t\t\t\t\t<a rel=\"noopener noreferrer nofollow\" href=\"https:\/\/telegram.me\/share\/url?url=https:\/\/canlibahistahminlerim.com\/galatasaraydan-1-5-milyarlik-rekor-gelir-hedefi\/\" target=\"_blank\" class=\" wd-social-icon social-tg\" aria-label=\"Telegram sosyal medya linki\">\n\t\t\t\t\t\t<span class=\"wd-icon\"><\/span>\n\t\t\t\t\t\t\t\t\t\t\t<\/a>\n\t\t\t\t\t\t\t\t\n\t\t\t\t\n\t\t\t<\/div>\n\n\t\t\t\t\t\t\t\t\t<\/div>\n\t\t\t\t\t\t<\/div>\n\t\t\t\t\t\t\t\t\t\t\t\t\n\t\t\t\t\t\t\t\n\t\t\t\t                    <div class=\"entry-content wd-entry-content\">\n\t\t\t\t\t\tGe\u00e7en sene \u015fampiyonlukla beraber b\u00fcy\u00fck ba\u015far\u0131lar elde eden Galatasaray, b\u00fcy\u00fck...\n\t\t\t\t\t\t\t\t\t\t\t<\/div><!-- .entry-content -->\n\t\t\t\t\n\t\t\t\t\t\t\t\t\t\t\t\t\t\t<p class=\"read-more-section\">\n\t\t\t\t\t\t<a class=\"btn-read-more more-link\" href=\"https:\/\/canlibahistahminlerim.com\/galatasaraydan-1-5-milyarlik-rekor-gelir-hedefi\/\">Okumaya devam et<\/a>\t\t\t\t\t<\/p>\n\t\t\t\t\t\t\t\t\t\t\t\n\t\t\t\n\t\t\t\t\t<\/div>\n\t<\/div>\n<\/article><!-- #post -->\n\n\n\t\t\t\t\t\t\t\t\t\t\t\n<article id=\"post-61346\" class=\"wd-post blog-design-masonry blog-post-loop blog-style-bg wd-add-shadow wd-col post-61346 post type-post status-publish format-standard has-post-thumbnail hentry category-guncel-spor-haberleri category-futbol category-spor-haberleri tag-galatasarayda-4-yildizin-satisi-gundemde\">\n\t<div class=\"article-inner\">\n\t\t\t\t\t<header class=\"entry-header\">\n\t\t\t\t\t\t\t\t\t<figure id=\"carousel-408\" class=\"entry-thumbnail\">\n\t\t\t\t\t\t\n\t\t\t\t\t\t\t<div class=\"post-img-wrapp\">\n\t\t\t\t\t\t\t\t<a href=\"https:\/\/canlibahistahminlerim.com\/galatasarayda-4-yildizin-satisi-gundemde\/\">\n\t\t\t\t\t\t\t\t\t<img width=\"1300\" height=\"731\" src=\"https:\/\/canlibahistahminlerim.com\/wp-content\/uploads\/2024\/01\/GALATASARAYDA-4-YILDIZIN-SATISI-GUNDEMDE-1300x731.jpg\" class=\"attachment-large size-large\" alt=\"Galatasaray&#039;da 4 y\u0131ld\u0131z\u0131n sat\u0131\u015f\u0131 g\u00fcndemde\" decoding=\"async\" srcset=\"https:\/\/canlibahistahminlerim.com\/wp-content\/uploads\/2024\/01\/GALATASARAYDA-4-YILDIZIN-SATISI-GUNDEMDE-1300x731.jpg 1300w, https:\/\/canlibahistahminlerim.com\/wp-content\/uploads\/2024\/01\/GALATASARAYDA-4-YILDIZIN-SATISI-GUNDEMDE-400x225.jpg 400w, https:\/\/canlibahistahminlerim.com\/wp-content\/uploads\/2024\/01\/GALATASARAYDA-4-YILDIZIN-SATISI-GUNDEMDE-768x432.jpg 768w, https:\/\/canlibahistahminlerim.com\/wp-content\/uploads\/2024\/01\/GALATASARAYDA-4-YILDIZIN-SATISI-GUNDEMDE-1536x864.jpg 1536w, https:\/\/canlibahistahminlerim.com\/wp-content\/uploads\/2024\/01\/GALATASARAYDA-4-YILDIZIN-SATISI-GUNDEMDE.jpg 1920w\" sizes=\"(max-width: 1300px) 100vw, 1300px\" \/>\t\t\t\t\t\t\t\t<\/a>\n\t\t\t\t\t\t\t<\/div>\n\t\t\t\t\t\t\t<div class=\"post-image-mask\">\n\t\t\t\t\t\t\t\t<span><\/span>\n\t\t\t\t\t\t\t<\/div>\n\n\t\t\t\t\t\t\n\t\t\t\t\t<\/figure>\n\t\t\t\t\n\t\t\t\t\t\t\t\t\t\t\t\t<div class=\"post-date wd-post-date wd-style-with-bg\">\n\t\t\t\t<span class=\"post-date-day\">\n\t\t\t\t\t06\t\t\t\t<\/span>\n\t\t\t\t<span class=\"post-date-month\">\n\t\t\t\t\tOca\t\t\t\t<\/span>\n\t\t\t<\/div>\n\t\t\t\t\t\t\n\t\t\t<\/header><!-- .entry-header -->\n\n\t\t<div class=\"article-body-container\">\n\t\t\t\n\t\t\t\t\t\t\t\t\t<div class=\"meta-categories-wrapp\"><div class=\"meta-post-categories wd-post-cat wd-style-with-bg\"><a href=\"https:\/\/canlibahistahminlerim.com\/guncel-spor-haberleri\/\" rel=\"category tag\">G\u00dcNCEL SPOR HABERLER\u0130<\/a>, <a href=\"https:\/\/canlibahistahminlerim.com\/spor-haberleri\/futbol\/\" rel=\"category tag\">Futbol<\/a>, <a href=\"https:\/\/canlibahistahminlerim.com\/spor-haberleri\/\" rel=\"category tag\">Spor Haberleri<\/a><\/div><\/div>\n\t\t\t\t\n\t\t\t\t\t\t\t\t\t<h3 class=\"wd-entities-title title post-title\">\n\t\t\t\t\t\t<a href=\"https:\/\/canlibahistahminlerim.com\/galatasarayda-4-yildizin-satisi-gundemde\/\" rel=\"bookmark\">Galatasaray&#8217;da 4 y\u0131ld\u0131z\u0131n sat\u0131\u015f\u0131 g\u00fcndemde<\/a>\n\t\t\t\t\t<\/h3>\n\t\t\t\t\n\t\t\t\t\t\t\t\t\t<div class=\"entry-meta wd-entry-meta\">\n\t\t\t\t\t\t\t\t\t<ul class=\"entry-meta-list\">\n\t\t\t\t\t\t\t\t\t<li class=\"modified-date\">\n\t\t\t\t\t\t\t\t<time class=\"updated\" datetime=\"2024-01-06T03:25:46+03:00\">\n\t\t\t6 Ocak 2024\t\t<\/time>\n\t\t\t\t\t\t\t<\/li>\n\n\t\t\t\t\t\n\t\t\t\t\t\t\t\t\t\t\t<li class=\"meta-author\">\n\t\t\t\t\t\t\t\t\t\t\t\t<span>Taraf\u0131ndan<\/span>\n\t\t\n\t\t\t\t\t<img alt='author-avatar' src='https:\/\/secure.gravatar.com\/avatar\/7425033c41e2dfed89ffe1cc678c2a73?s=32&#038;d=mm&#038;r=g' srcset='https:\/\/secure.gravatar.com\/avatar\/7425033c41e2dfed89ffe1cc678c2a73?s=64&#038;d=mm&#038;r=g 2x' class='avatar avatar-32 photo' height='32' width='32' decoding='async'\/>\t\t\n\t\t<a href=\"https:\/\/canlibahistahminlerim.com\/author\/admin\/\" rel=\"author\">\n\t\t\t<span class=\"vcard author author_name\">\n\t\t\t\t<span class=\"fn\">BNSEO<\/span>\n\t\t\t<\/span>\n\t\t<\/a>\n\t\t\t\t\t\t\t\t<\/li>\n\t\t\t\t\t\n\t\t\t\t\t\n\t\t\t\t\t\t\t\t\t\t\t<li class=\"meta-reply\">\n\t\t\t\t\t\t\t<a href=\"https:\/\/canlibahistahminlerim.com\/galatasarayda-4-yildizin-satisi-gundemde\/#respond\"><span class=\"replies-count\">0<\/span> <span class=\"replies-count-label\">yorumlar<\/span><\/a>\t\t\t\t\t\t<\/li>\n\t\t\t\t\t\t\t\t\t\t\t\t<\/ul>\n\t\t\t\t\t\t\t<\/div><!-- .entry-meta -->\n\t\t\t\t\t\t\t\t\t\t\t<div class=\"hovered-social-icons wd-tltp wd-tltp-top\">\n\t\t\t\t\t\t\t<div class=\"wd-tooltip-label\">\n\t\t\t\t\t\t\t\t\n\t\t\t<div class=\" wd-social-icons icons-design-default icons-size-small color-scheme-light social-share social-form-circle text-center\">\n\n\t\t\t\t\n\t\t\t\t\t\t\t\t\t<a rel=\"noopener noreferrer nofollow\" href=\"https:\/\/www.facebook.com\/sharer\/sharer.php?u=https:\/\/canlibahistahminlerim.com\/galatasarayda-4-yildizin-satisi-gundemde\/\" target=\"_blank\" class=\" wd-social-icon social-facebook\" aria-label=\"Facebook sosyal ba\u011flant\u0131s\u0131\">\n\t\t\t\t\t\t<span class=\"wd-icon\"><\/span>\n\t\t\t\t\t\t\t\t\t\t\t<\/a>\n\t\t\t\t\n\t\t\t\t\t\t\t\t\t<a rel=\"noopener noreferrer nofollow\" href=\"https:\/\/x.com\/share?url=https:\/\/canlibahistahminlerim.com\/galatasarayda-4-yildizin-satisi-gundemde\/\" target=\"_blank\" class=\" wd-social-icon social-twitter\" aria-label=\"X social link\">\n\t\t\t\t\t\t<span class=\"wd-icon\"><\/span>\n\t\t\t\t\t\t\t\t\t\t\t<\/a>\n\t\t\t\t\n\t\t\t\t\n\t\t\t\t\n\t\t\t\t\n\t\t\t\t\t\t\t\t\t<a rel=\"noopener noreferrer nofollow\" href=\"https:\/\/pinterest.com\/pin\/create\/button\/?url=https:\/\/canlibahistahminlerim.com\/galatasarayda-4-yildizin-satisi-gundemde\/&media=https:\/\/canlibahistahminlerim.com\/wp-content\/uploads\/2024\/01\/GALATASARAYDA-4-YILDIZIN-SATISI-GUNDEMDE.jpg&description=Galatasaray%26%238217%3Bda+4+y%C4%B1ld%C4%B1z%C4%B1n+sat%C4%B1%C5%9F%C4%B1+g%C3%BCndemde\" target=\"_blank\" class=\" wd-social-icon social-pinterest\" aria-label=\"Pinterest sosyal ba\u011flant\u0131s\u0131\">\n\t\t\t\t\t\t<span class=\"wd-icon\"><\/span>\n\t\t\t\t\t\t\t\t\t\t\t<\/a>\n\t\t\t\t\n\t\t\t\t\n\t\t\t\t\n\t\t\t\t\n\t\t\t\t\n\t\t\t\t\n\t\t\t\t\n\t\t\t\t\n\t\t\t\t\n\t\t\t\t\n\t\t\t\t\n\t\t\t\t\t\t\t\t\t<a rel=\"noopener noreferrer nofollow\" href=\"https:\/\/api.whatsapp.com\/send?text=https%3A%2F%2Fcanlibahistahminlerim.com%2Fgalatasarayda-4-yildizin-satisi-gundemde%2F\" target=\"_blank\" class=\"whatsapp-desktop  wd-social-icon social-whatsapp\" aria-label=\"WhatsApp sosyal ba\u011flant\u0131s\u0131\">\n\t\t\t\t\t\t<span class=\"wd-icon\"><\/span>\n\t\t\t\t\t\t\t\t\t\t\t<\/a>\n\t\t\t\t\t\n\t\t\t\t\t<a rel=\"noopener noreferrer nofollow\" href=\"whatsapp:\/\/send?text=https%3A%2F%2Fcanlibahistahminlerim.com%2Fgalatasarayda-4-yildizin-satisi-gundemde%2F\" target=\"_blank\" class=\"whatsapp-mobile  wd-social-icon social-whatsapp\" aria-label=\"WhatsApp sosyal ba\u011flant\u0131s\u0131\">\n\t\t\t\t\t\t<span class=\"wd-icon\"><\/span>\n\t\t\t\t\t\t\t\t\t\t\t<\/a>\n\t\t\t\t\n\t\t\t\t\t\t\t\t\n\t\t\t\t\t\t\t\t\n\t\t\t\t\n\t\t\t\t\n\t\t\t\t\t\t\t\t\t<a rel=\"noopener noreferrer nofollow\" href=\"https:\/\/telegram.me\/share\/url?url=https:\/\/canlibahistahminlerim.com\/galatasarayda-4-yildizin-satisi-gundemde\/\" target=\"_blank\" class=\" wd-social-icon social-tg\" aria-label=\"Telegram sosyal medya linki\">\n\t\t\t\t\t\t<span class=\"wd-icon\"><\/span>\n\t\t\t\t\t\t\t\t\t\t\t<\/a>\n\t\t\t\t\t\t\t\t\n\t\t\t\t\n\t\t\t<\/div>\n\n\t\t\t\t\t\t\t\t\t<\/div>\n\t\t\t\t\t\t<\/div>\n\t\t\t\t\t\t\t\t\t\t\t\t\n\t\t\t\t\t\t\t\n\t\t\t\t                    <div class=\"entry-content wd-entry-content\">\n\t\t\t\t\t\tGalatasaray\u2019\u0131n kadroda yer alan baz\u0131 oyuncular\u0131 satarak gelir olu\u015fturmay\u0131 hedefledi\u011fi...\n\t\t\t\t\t\t\t\t\t\t\t<\/div><!-- .entry-content -->\n\t\t\t\t\n\t\t\t\t\t\t\t\t\t\t\t\t\t\t<p class=\"read-more-section\">\n\t\t\t\t\t\t<a class=\"btn-read-more more-link\" href=\"https:\/\/canlibahistahminlerim.com\/galatasarayda-4-yildizin-satisi-gundemde\/\">Okumaya devam et<\/a>\t\t\t\t\t<\/p>\n\t\t\t\t\t\t\t\t\t\t\t\n\t\t\t\n\t\t\t\t\t<\/div>\n\t<\/div>\n<\/article><!-- #post -->\n\n\n\t\t\t\t\t\t\t\t\t\t\t\n<article id=\"post-61342\" class=\"wd-post blog-design-masonry blog-post-loop blog-style-bg wd-add-shadow wd-col post-61342 post type-post status-publish format-standard has-post-thumbnail hentry category-guncel-spor-haberleri category-futbol category-spor-haberleri tag-fenerbahce-2-yildizin-pesinde\">\n\t<div class=\"article-inner\">\n\t\t\t\t\t<header class=\"entry-header\">\n\t\t\t\t\t\t\t\t\t<figure id=\"carousel-712\" class=\"entry-thumbnail\">\n\t\t\t\t\t\t\n\t\t\t\t\t\t\t<div class=\"post-img-wrapp\">\n\t\t\t\t\t\t\t\t<a href=\"https:\/\/canlibahistahminlerim.com\/fenerbahce-2-yildizin-pesinde\/\">\n\t\t\t\t\t\t\t\t\t<img width=\"1300\" height=\"731\" src=\"https:\/\/canlibahistahminlerim.com\/wp-content\/uploads\/2024\/01\/FENERBAHCE-2-YILDIZIN-PESINDE-1300x731.jpg\" class=\"attachment-large size-large\" alt=\"Fenerbah\u00e7e 2 y\u0131ld\u0131z\u0131n pe\u015finde!\" decoding=\"async\" srcset=\"https:\/\/canlibahistahminlerim.com\/wp-content\/uploads\/2024\/01\/FENERBAHCE-2-YILDIZIN-PESINDE-1300x731.jpg 1300w, https:\/\/canlibahistahminlerim.com\/wp-content\/uploads\/2024\/01\/FENERBAHCE-2-YILDIZIN-PESINDE-400x225.jpg 400w, https:\/\/canlibahistahminlerim.com\/wp-content\/uploads\/2024\/01\/FENERBAHCE-2-YILDIZIN-PESINDE-768x432.jpg 768w, https:\/\/canlibahistahminlerim.com\/wp-content\/uploads\/2024\/01\/FENERBAHCE-2-YILDIZIN-PESINDE-1536x864.jpg 1536w, https:\/\/canlibahistahminlerim.com\/wp-content\/uploads\/2024\/01\/FENERBAHCE-2-YILDIZIN-PESINDE.jpg 1920w\" sizes=\"(max-width: 1300px) 100vw, 1300px\" \/>\t\t\t\t\t\t\t\t<\/a>\n\t\t\t\t\t\t\t<\/div>\n\t\t\t\t\t\t\t<div class=\"post-image-mask\">\n\t\t\t\t\t\t\t\t<span><\/span>\n\t\t\t\t\t\t\t<\/div>\n\n\t\t\t\t\t\t\n\t\t\t\t\t<\/figure>\n\t\t\t\t\n\t\t\t\t\t\t\t\t\t\t\t\t<div class=\"post-date wd-post-date wd-style-with-bg\">\n\t\t\t\t<span class=\"post-date-day\">\n\t\t\t\t\t06\t\t\t\t<\/span>\n\t\t\t\t<span class=\"post-date-month\">\n\t\t\t\t\tOca\t\t\t\t<\/span>\n\t\t\t<\/div>\n\t\t\t\t\t\t\n\t\t\t<\/header><!-- .entry-header -->\n\n\t\t<div class=\"article-body-container\">\n\t\t\t\n\t\t\t\t\t\t\t\t\t<div class=\"meta-categories-wrapp\"><div class=\"meta-post-categories wd-post-cat wd-style-with-bg\"><a href=\"https:\/\/canlibahistahminlerim.com\/guncel-spor-haberleri\/\" rel=\"category tag\">G\u00dcNCEL SPOR HABERLER\u0130<\/a>, <a href=\"https:\/\/canlibahistahminlerim.com\/spor-haberleri\/futbol\/\" rel=\"category tag\">Futbol<\/a>, <a href=\"https:\/\/canlibahistahminlerim.com\/spor-haberleri\/\" rel=\"category tag\">Spor Haberleri<\/a><\/div><\/div>\n\t\t\t\t\n\t\t\t\t\t\t\t\t\t<h3 class=\"wd-entities-title title post-title\">\n\t\t\t\t\t\t<a href=\"https:\/\/canlibahistahminlerim.com\/fenerbahce-2-yildizin-pesinde\/\" rel=\"bookmark\">Fenerbah\u00e7e 2 y\u0131ld\u0131z\u0131n pe\u015finde!<\/a>\n\t\t\t\t\t<\/h3>\n\t\t\t\t\n\t\t\t\t\t\t\t\t\t<div class=\"entry-meta wd-entry-meta\">\n\t\t\t\t\t\t\t\t\t<ul class=\"entry-meta-list\">\n\t\t\t\t\t\t\t\t\t<li class=\"modified-date\">\n\t\t\t\t\t\t\t\t<time class=\"updated\" datetime=\"2024-01-06T03:24:07+03:00\">\n\t\t\t6 Ocak 2024\t\t<\/time>\n\t\t\t\t\t\t\t<\/li>\n\n\t\t\t\t\t\n\t\t\t\t\t\t\t\t\t\t\t<li class=\"meta-author\">\n\t\t\t\t\t\t\t\t\t\t\t\t<span>Taraf\u0131ndan<\/span>\n\t\t\n\t\t\t\t\t<img alt='author-avatar' src='https:\/\/secure.gravatar.com\/avatar\/7425033c41e2dfed89ffe1cc678c2a73?s=32&#038;d=mm&#038;r=g' srcset='https:\/\/secure.gravatar.com\/avatar\/7425033c41e2dfed89ffe1cc678c2a73?s=64&#038;d=mm&#038;r=g 2x' class='avatar avatar-32 photo' height='32' width='32' decoding='async'\/>\t\t\n\t\t<a href=\"https:\/\/canlibahistahminlerim.com\/author\/admin\/\" rel=\"author\">\n\t\t\t<span class=\"vcard author author_name\">\n\t\t\t\t<span class=\"fn\">BNSEO<\/span>\n\t\t\t<\/span>\n\t\t<\/a>\n\t\t\t\t\t\t\t\t<\/li>\n\t\t\t\t\t\n\t\t\t\t\t\n\t\t\t\t\t\t\t\t\t\t\t<li class=\"meta-reply\">\n\t\t\t\t\t\t\t<a href=\"https:\/\/canlibahistahminlerim.com\/fenerbahce-2-yildizin-pesinde\/#respond\"><span class=\"replies-count\">0<\/span> <span class=\"replies-count-label\">yorumlar<\/span><\/a>\t\t\t\t\t\t<\/li>\n\t\t\t\t\t\t\t\t\t\t\t\t<\/ul>\n\t\t\t\t\t\t\t<\/div><!-- .entry-meta -->\n\t\t\t\t\t\t\t\t\t\t\t<div class=\"hovered-social-icons wd-tltp wd-tltp-top\">\n\t\t\t\t\t\t\t<div class=\"wd-tooltip-label\">\n\t\t\t\t\t\t\t\t\n\t\t\t<div class=\" wd-social-icons icons-design-default icons-size-small color-scheme-light social-share social-form-circle text-center\">\n\n\t\t\t\t\n\t\t\t\t\t\t\t\t\t<a rel=\"noopener noreferrer nofollow\" href=\"https:\/\/www.facebook.com\/sharer\/sharer.php?u=https:\/\/canlibahistahminlerim.com\/fenerbahce-2-yildizin-pesinde\/\" target=\"_blank\" class=\" wd-social-icon social-facebook\" aria-label=\"Facebook sosyal ba\u011flant\u0131s\u0131\">\n\t\t\t\t\t\t<span class=\"wd-icon\"><\/span>\n\t\t\t\t\t\t\t\t\t\t\t<\/a>\n\t\t\t\t\n\t\t\t\t\t\t\t\t\t<a rel=\"noopener noreferrer nofollow\" href=\"https:\/\/x.com\/share?url=https:\/\/canlibahistahminlerim.com\/fenerbahce-2-yildizin-pesinde\/\" target=\"_blank\" class=\" wd-social-icon social-twitter\" aria-label=\"X social link\">\n\t\t\t\t\t\t<span class=\"wd-icon\"><\/span>\n\t\t\t\t\t\t\t\t\t\t\t<\/a>\n\t\t\t\t\n\t\t\t\t\n\t\t\t\t\n\t\t\t\t\n\t\t\t\t\t\t\t\t\t<a rel=\"noopener noreferrer nofollow\" href=\"https:\/\/pinterest.com\/pin\/create\/button\/?url=https:\/\/canlibahistahminlerim.com\/fenerbahce-2-yildizin-pesinde\/&media=https:\/\/canlibahistahminlerim.com\/wp-content\/uploads\/2024\/01\/FENERBAHCE-2-YILDIZIN-PESINDE.jpg&description=Fenerbah%C3%A7e+2+y%C4%B1ld%C4%B1z%C4%B1n+pe%C5%9Finde%21\" target=\"_blank\" class=\" wd-social-icon social-pinterest\" aria-label=\"Pinterest sosyal ba\u011flant\u0131s\u0131\">\n\t\t\t\t\t\t<span class=\"wd-icon\"><\/span>\n\t\t\t\t\t\t\t\t\t\t\t<\/a>\n\t\t\t\t\n\t\t\t\t\n\t\t\t\t\n\t\t\t\t\n\t\t\t\t\n\t\t\t\t\n\t\t\t\t\n\t\t\t\t\n\t\t\t\t\n\t\t\t\t\n\t\t\t\t\n\t\t\t\t\t\t\t\t\t<a rel=\"noopener noreferrer nofollow\" href=\"https:\/\/api.whatsapp.com\/send?text=https%3A%2F%2Fcanlibahistahminlerim.com%2Ffenerbahce-2-yildizin-pesinde%2F\" target=\"_blank\" class=\"whatsapp-desktop  wd-social-icon social-whatsapp\" aria-label=\"WhatsApp sosyal ba\u011flant\u0131s\u0131\">\n\t\t\t\t\t\t<span class=\"wd-icon\"><\/span>\n\t\t\t\t\t\t\t\t\t\t\t<\/a>\n\t\t\t\t\t\n\t\t\t\t\t<a rel=\"noopener noreferrer nofollow\" href=\"whatsapp:\/\/send?text=https%3A%2F%2Fcanlibahistahminlerim.com%2Ffenerbahce-2-yildizin-pesinde%2F\" target=\"_blank\" class=\"whatsapp-mobile  wd-social-icon social-whatsapp\" aria-label=\"WhatsApp sosyal ba\u011flant\u0131s\u0131\">\n\t\t\t\t\t\t<span class=\"wd-icon\"><\/span>\n\t\t\t\t\t\t\t\t\t\t\t<\/a>\n\t\t\t\t\n\t\t\t\t\t\t\t\t\n\t\t\t\t\t\t\t\t\n\t\t\t\t\n\t\t\t\t\n\t\t\t\t\t\t\t\t\t<a rel=\"noopener noreferrer nofollow\" href=\"https:\/\/telegram.me\/share\/url?url=https:\/\/canlibahistahminlerim.com\/fenerbahce-2-yildizin-pesinde\/\" target=\"_blank\" class=\" wd-social-icon social-tg\" aria-label=\"Telegram sosyal medya linki\">\n\t\t\t\t\t\t<span class=\"wd-icon\"><\/span>\n\t\t\t\t\t\t\t\t\t\t\t<\/a>\n\t\t\t\t\t\t\t\t\n\t\t\t\t\n\t\t\t<\/div>\n\n\t\t\t\t\t\t\t\t\t<\/div>\n\t\t\t\t\t\t<\/div>\n\t\t\t\t\t\t\t\t\t\t\t\t\n\t\t\t\t\t\t\t\n\t\t\t\t                    <div class=\"entry-content wd-entry-content\">\n\t\t\t\t\t\tAra transfer d\u00f6nemi i\u00e7in \u00e7al\u0131\u015fmalar\u0131n\u0131 s\u00fcrd\u00fcren Fenerbah\u00e7e\u2019nin g\u00fcndeminde 2 y\u0131ld\u0131z...\n\t\t\t\t\t\t\t\t\t\t\t<\/div><!-- .entry-content -->\n\t\t\t\t\n\t\t\t\t\t\t\t\t\t\t\t\t\t\t<p class=\"read-more-section\">\n\t\t\t\t\t\t<a class=\"btn-read-more more-link\" href=\"https:\/\/canlibahistahminlerim.com\/fenerbahce-2-yildizin-pesinde\/\">Okumaya devam et<\/a>\t\t\t\t\t<\/p>\n\t\t\t\t\t\t\t\t\t\t\t\n\t\t\t\n\t\t\t\t\t<\/div>\n\t<\/div>\n<\/article><!-- #post -->\n\n\n\t\t\t\t\t\t\t\t\t\t\t\n<article id=\"post-61338\" class=\"wd-post blog-design-masonry blog-post-loop blog-style-bg wd-add-shadow wd-col post-61338 post type-post status-publish format-standard has-post-thumbnail hentry category-guncel-spor-haberleri category-futbol category-spor-haberleri tag-besiktasta-bruno-genesio-olmadi\">\n\t<div class=\"article-inner\">\n\t\t\t\t\t<header class=\"entry-header\">\n\t\t\t\t\t\t\t\t\t<figure id=\"carousel-600\" class=\"entry-thumbnail\">\n\t\t\t\t\t\t\n\t\t\t\t\t\t\t<div class=\"post-img-wrapp\">\n\t\t\t\t\t\t\t\t<a href=\"https:\/\/canlibahistahminlerim.com\/besiktasta-bruno-genesio-olmadi\/\">\n\t\t\t\t\t\t\t\t\t<img width=\"1300\" height=\"731\" src=\"https:\/\/canlibahistahminlerim.com\/wp-content\/uploads\/2024\/01\/BESIKTASTA-BRUNO-GENESIO-OLMADI-1300x731.jpg\" class=\"attachment-large size-large\" alt=\"Be\u015fikta\u015f&#039;ta Bruno Genesio olmad\u0131!\" decoding=\"async\" srcset=\"https:\/\/canlibahistahminlerim.com\/wp-content\/uploads\/2024\/01\/BESIKTASTA-BRUNO-GENESIO-OLMADI-1300x731.jpg 1300w, https:\/\/canlibahistahminlerim.com\/wp-content\/uploads\/2024\/01\/BESIKTASTA-BRUNO-GENESIO-OLMADI-400x225.jpg 400w, https:\/\/canlibahistahminlerim.com\/wp-content\/uploads\/2024\/01\/BESIKTASTA-BRUNO-GENESIO-OLMADI-768x432.jpg 768w, https:\/\/canlibahistahminlerim.com\/wp-content\/uploads\/2024\/01\/BESIKTASTA-BRUNO-GENESIO-OLMADI-1536x864.jpg 1536w, https:\/\/canlibahistahminlerim.com\/wp-content\/uploads\/2024\/01\/BESIKTASTA-BRUNO-GENESIO-OLMADI.jpg 1920w\" sizes=\"(max-width: 1300px) 100vw, 1300px\" \/>\t\t\t\t\t\t\t\t<\/a>\n\t\t\t\t\t\t\t<\/div>\n\t\t\t\t\t\t\t<div class=\"post-image-mask\">\n\t\t\t\t\t\t\t\t<span><\/span>\n\t\t\t\t\t\t\t<\/div>\n\n\t\t\t\t\t\t\n\t\t\t\t\t<\/figure>\n\t\t\t\t\n\t\t\t\t\t\t\t\t\t\t\t\t<div class=\"post-date wd-post-date wd-style-with-bg\">\n\t\t\t\t<span class=\"post-date-day\">\n\t\t\t\t\t05\t\t\t\t<\/span>\n\t\t\t\t<span class=\"post-date-month\">\n\t\t\t\t\tOca\t\t\t\t<\/span>\n\t\t\t<\/div>\n\t\t\t\t\t\t\n\t\t\t<\/header><!-- .entry-header -->\n\n\t\t<div class=\"article-body-container\">\n\t\t\t\n\t\t\t\t\t\t\t\t\t<div class=\"meta-categories-wrapp\"><div class=\"meta-post-categories wd-post-cat wd-style-with-bg\"><a href=\"https:\/\/canlibahistahminlerim.com\/guncel-spor-haberleri\/\" rel=\"category tag\">G\u00dcNCEL SPOR HABERLER\u0130<\/a>, <a href=\"https:\/\/canlibahistahminlerim.com\/spor-haberleri\/futbol\/\" rel=\"category tag\">Futbol<\/a>, <a href=\"https:\/\/canlibahistahminlerim.com\/spor-haberleri\/\" rel=\"category tag\">Spor Haberleri<\/a><\/div><\/div>\n\t\t\t\t\n\t\t\t\t\t\t\t\t\t<h3 class=\"wd-entities-title title post-title\">\n\t\t\t\t\t\t<a href=\"https:\/\/canlibahistahminlerim.com\/besiktasta-bruno-genesio-olmadi\/\" rel=\"bookmark\">Be\u015fikta\u015f&#8217;ta Bruno Genesio olmad\u0131!<\/a>\n\t\t\t\t\t<\/h3>\n\t\t\t\t\n\t\t\t\t\t\t\t\t\t<div class=\"entry-meta wd-entry-meta\">\n\t\t\t\t\t\t\t\t\t<ul class=\"entry-meta-list\">\n\t\t\t\t\t\t\t\t\t<li class=\"modified-date\">\n\t\t\t\t\t\t\t\t<time class=\"updated\" datetime=\"2024-01-06T03:22:50+03:00\">\n\t\t\t6 Ocak 2024\t\t<\/time>\n\t\t\t\t\t\t\t<\/li>\n\n\t\t\t\t\t\n\t\t\t\t\t\t\t\t\t\t\t<li class=\"meta-author\">\n\t\t\t\t\t\t\t\t\t\t\t\t<span>Taraf\u0131ndan<\/span>\n\t\t\n\t\t\t\t\t<img alt='author-avatar' src='https:\/\/secure.gravatar.com\/avatar\/7425033c41e2dfed89ffe1cc678c2a73?s=32&#038;d=mm&#038;r=g' srcset='https:\/\/secure.gravatar.com\/avatar\/7425033c41e2dfed89ffe1cc678c2a73?s=64&#038;d=mm&#038;r=g 2x' class='avatar avatar-32 photo' height='32' width='32' decoding='async'\/>\t\t\n\t\t<a href=\"https:\/\/canlibahistahminlerim.com\/author\/admin\/\" rel=\"author\">\n\t\t\t<span class=\"vcard author author_name\">\n\t\t\t\t<span class=\"fn\">BNSEO<\/span>\n\t\t\t<\/span>\n\t\t<\/a>\n\t\t\t\t\t\t\t\t<\/li>\n\t\t\t\t\t\n\t\t\t\t\t\n\t\t\t\t\t\t\t\t\t\t\t<li class=\"meta-reply\">\n\t\t\t\t\t\t\t<a href=\"https:\/\/canlibahistahminlerim.com\/besiktasta-bruno-genesio-olmadi\/#respond\"><span class=\"replies-count\">0<\/span> <span class=\"replies-count-label\">yorumlar<\/span><\/a>\t\t\t\t\t\t<\/li>\n\t\t\t\t\t\t\t\t\t\t\t\t<\/ul>\n\t\t\t\t\t\t\t<\/div><!-- .entry-meta -->\n\t\t\t\t\t\t\t\t\t\t\t<div class=\"hovered-social-icons wd-tltp wd-tltp-top\">\n\t\t\t\t\t\t\t<div class=\"wd-tooltip-label\">\n\t\t\t\t\t\t\t\t\n\t\t\t<div class=\" wd-social-icons icons-design-default icons-size-small color-scheme-light social-share social-form-circle text-center\">\n\n\t\t\t\t\n\t\t\t\t\t\t\t\t\t<a rel=\"noopener noreferrer nofollow\" href=\"https:\/\/www.facebook.com\/sharer\/sharer.php?u=https:\/\/canlibahistahminlerim.com\/besiktasta-bruno-genesio-olmadi\/\" target=\"_blank\" class=\" wd-social-icon social-facebook\" aria-label=\"Facebook sosyal ba\u011flant\u0131s\u0131\">\n\t\t\t\t\t\t<span class=\"wd-icon\"><\/span>\n\t\t\t\t\t\t\t\t\t\t\t<\/a>\n\t\t\t\t\n\t\t\t\t\t\t\t\t\t<a rel=\"noopener noreferrer nofollow\" href=\"https:\/\/x.com\/share?url=https:\/\/canlibahistahminlerim.com\/besiktasta-bruno-genesio-olmadi\/\" target=\"_blank\" class=\" wd-social-icon social-twitter\" aria-label=\"X social link\">\n\t\t\t\t\t\t<span class=\"wd-icon\"><\/span>\n\t\t\t\t\t\t\t\t\t\t\t<\/a>\n\t\t\t\t\n\t\t\t\t\n\t\t\t\t\n\t\t\t\t\n\t\t\t\t\t\t\t\t\t<a rel=\"noopener noreferrer nofollow\" href=\"https:\/\/pinterest.com\/pin\/create\/button\/?url=https:\/\/canlibahistahminlerim.com\/besiktasta-bruno-genesio-olmadi\/&media=https:\/\/canlibahistahminlerim.com\/wp-content\/uploads\/2024\/01\/BESIKTASTA-BRUNO-GENESIO-OLMADI.jpg&description=Be%C5%9Fikta%C5%9F%26%238217%3Bta+Bruno+Genesio+olmad%C4%B1%21\" target=\"_blank\" class=\" wd-social-icon social-pinterest\" aria-label=\"Pinterest sosyal ba\u011flant\u0131s\u0131\">\n\t\t\t\t\t\t<span class=\"wd-icon\"><\/span>\n\t\t\t\t\t\t\t\t\t\t\t<\/a>\n\t\t\t\t\n\t\t\t\t\n\t\t\t\t\n\t\t\t\t\n\t\t\t\t\n\t\t\t\t\n\t\t\t\t\n\t\t\t\t\n\t\t\t\t\n\t\t\t\t\n\t\t\t\t\n\t\t\t\t\t\t\t\t\t<a rel=\"noopener noreferrer nofollow\" href=\"https:\/\/api.whatsapp.com\/send?text=https%3A%2F%2Fcanlibahistahminlerim.com%2Fbesiktasta-bruno-genesio-olmadi%2F\" target=\"_blank\" class=\"whatsapp-desktop  wd-social-icon social-whatsapp\" aria-label=\"WhatsApp sosyal ba\u011flant\u0131s\u0131\">\n\t\t\t\t\t\t<span class=\"wd-icon\"><\/span>\n\t\t\t\t\t\t\t\t\t\t\t<\/a>\n\t\t\t\t\t\n\t\t\t\t\t<a rel=\"noopener noreferrer nofollow\" href=\"whatsapp:\/\/send?text=https%3A%2F%2Fcanlibahistahminlerim.com%2Fbesiktasta-bruno-genesio-olmadi%2F\" target=\"_blank\" class=\"whatsapp-mobile  wd-social-icon social-whatsapp\" aria-label=\"WhatsApp sosyal ba\u011flant\u0131s\u0131\">\n\t\t\t\t\t\t<span class=\"wd-icon\"><\/span>\n\t\t\t\t\t\t\t\t\t\t\t<\/a>\n\t\t\t\t\n\t\t\t\t\t\t\t\t\n\t\t\t\t\t\t\t\t\n\t\t\t\t\n\t\t\t\t\n\t\t\t\t\t\t\t\t\t<a rel=\"noopener noreferrer nofollow\" href=\"https:\/\/telegram.me\/share\/url?url=https:\/\/canlibahistahminlerim.com\/besiktasta-bruno-genesio-olmadi\/\" target=\"_blank\" class=\" wd-social-icon social-tg\" aria-label=\"Telegram sosyal medya linki\">\n\t\t\t\t\t\t<span class=\"wd-icon\"><\/span>\n\t\t\t\t\t\t\t\t\t\t\t<\/a>\n\t\t\t\t\t\t\t\t\n\t\t\t\t\n\t\t\t<\/div>\n\n\t\t\t\t\t\t\t\t\t<\/div>\n\t\t\t\t\t\t<\/div>\n\t\t\t\t\t\t\t\t\t\t\t\t\n\t\t\t\t\t\t\t\n\t\t\t\t                    <div class=\"entry-content wd-entry-content\">\n\t\t\t\t\t\tBe\u015fikta\u015f\u2019ta teknik direkt\u00f6r belirsizli\u011fi devam ediyor. Siyah beyazl\u0131 y\u00f6netim Bruno...\n\t\t\t\t\t\t\t\t\t\t\t<\/div><!-- .entry-content -->\n\t\t\t\t\n\t\t\t\t\t\t\t\t\t\t\t\t\t\t<p class=\"read-more-section\">\n\t\t\t\t\t\t<a class=\"btn-read-more more-link\" href=\"https:\/\/canlibahistahminlerim.com\/besiktasta-bruno-genesio-olmadi\/\">Okumaya devam et<\/a>\t\t\t\t\t<\/p>\n\t\t\t\t\t\t\t\t\t\t\t\n\t\t\t\n\t\t\t\t\t<\/div>\n\t<\/div>\n<\/article><!-- #post -->\n\n\n\t\t\t\t\t\n\t\t\t\t\t","status":"have-posts","nextPage":"https:\/\/canlibahistahminlerim.com\/guncel-spor-haberleri\/page\/4\/?woo_ajax=1","currentPage":"https:\/\/canlibahistahminlerim.com\/guncel-spor-haberleri\/page\/3"}