
			
				

					
				

			
		{"items":"\n\t\t\t\t\t\t\t\t\t\t\t\n<article id=\"post-61095\" class=\"wd-post blog-design-masonry blog-post-loop blog-style-bg wd-add-shadow wd-col post-61095 post type-post status-publish format-standard has-post-thumbnail hentry category-guncel-spor-haberleri category-futbol category-spor-haberleri tag-brezilyali-messi-icin-dev-ekipler-siraya-girdi\">\n\t<div class=\"article-inner\">\n\t\t\t\t\t<header class=\"entry-header\">\n\t\t\t\t\t\t\t\t\t<figure id=\"carousel-537\" class=\"entry-thumbnail\">\n\t\t\t\t\t\t\n\t\t\t\t\t\t\t<div class=\"post-img-wrapp\">\n\t\t\t\t\t\t\t\t<a href=\"https:\/\/canlibahistahminlerim.com\/brezilyali-messi-icin-dev-ekipler-siraya-girdi\/\">\n\t\t\t\t\t\t\t\t\t<img width=\"1300\" height=\"731\" src=\"https:\/\/canlibahistahminlerim.com\/wp-content\/uploads\/2023\/12\/Brezilyali-Messi-icin-Dev-Takimlar-Siraya-Girdi-1300x731.jpg\" class=\"attachment-large size-large\" alt=\"BREZ\u0130LYALI MESS\u0130 \u0130\u00c7\u0130N DEV EK\u0130PLER SIRAYA G\u0130RD\u0130\" decoding=\"async\" srcset=\"https:\/\/canlibahistahminlerim.com\/wp-content\/uploads\/2023\/12\/Brezilyali-Messi-icin-Dev-Takimlar-Siraya-Girdi-1300x731.jpg 1300w, https:\/\/canlibahistahminlerim.com\/wp-content\/uploads\/2023\/12\/Brezilyali-Messi-icin-Dev-Takimlar-Siraya-Girdi-400x225.jpg 400w, https:\/\/canlibahistahminlerim.com\/wp-content\/uploads\/2023\/12\/Brezilyali-Messi-icin-Dev-Takimlar-Siraya-Girdi-768x432.jpg 768w, https:\/\/canlibahistahminlerim.com\/wp-content\/uploads\/2023\/12\/Brezilyali-Messi-icin-Dev-Takimlar-Siraya-Girdi-1536x864.jpg 1536w, https:\/\/canlibahistahminlerim.com\/wp-content\/uploads\/2023\/12\/Brezilyali-Messi-icin-Dev-Takimlar-Siraya-Girdi.jpg 1920w\" sizes=\"(max-width: 1300px) 100vw, 1300px\" \/>\t\t\t\t\t\t\t\t<\/a>\n\t\t\t\t\t\t\t<\/div>\n\t\t\t\t\t\t\t<div class=\"post-image-mask\">\n\t\t\t\t\t\t\t\t<span><\/span>\n\t\t\t\t\t\t\t<\/div>\n\n\t\t\t\t\t\t\n\t\t\t\t\t<\/figure>\n\t\t\t\t\n\t\t\t\t\t\t\t\t\t\t\t\t<div class=\"post-date wd-post-date wd-style-with-bg\">\n\t\t\t\t<span class=\"post-date-day\">\n\t\t\t\t\t27\t\t\t\t<\/span>\n\t\t\t\t<span class=\"post-date-month\">\n\t\t\t\t\tAra\t\t\t\t<\/span>\n\t\t\t<\/div>\n\t\t\t\t\t\t\n\t\t\t<\/header><!-- .entry-header -->\n\n\t\t<div class=\"article-body-container\">\n\t\t\t\n\t\t\t\t\t\t\t\t\t<div class=\"meta-categories-wrapp\"><div class=\"meta-post-categories wd-post-cat wd-style-with-bg\"><a href=\"https:\/\/canlibahistahminlerim.com\/guncel-spor-haberleri\/\" rel=\"category tag\">G\u00dcNCEL SPOR HABERLER\u0130<\/a>, <a href=\"https:\/\/canlibahistahminlerim.com\/spor-haberleri\/futbol\/\" rel=\"category tag\">Futbol<\/a>, <a href=\"https:\/\/canlibahistahminlerim.com\/spor-haberleri\/\" rel=\"category tag\">Spor Haberleri<\/a><\/div><\/div>\n\t\t\t\t\n\t\t\t\t\t\t\t\t\t<h3 class=\"wd-entities-title title post-title\">\n\t\t\t\t\t\t<a href=\"https:\/\/canlibahistahminlerim.com\/brezilyali-messi-icin-dev-ekipler-siraya-girdi\/\" rel=\"bookmark\">BREZ\u0130LYALI MESS\u0130 \u0130\u00c7\u0130N DEV EK\u0130PLER SIRAYA G\u0130RD\u0130<\/a>\n\t\t\t\t\t<\/h3>\n\t\t\t\t\n\t\t\t\t\t\t\t\t\t<div class=\"entry-meta wd-entry-meta\">\n\t\t\t\t\t\t\t\t\t<ul class=\"entry-meta-list\">\n\t\t\t\t\t\t\t\t\t<li class=\"modified-date\">\n\t\t\t\t\t\t\t\t<time class=\"updated\" datetime=\"2023-12-27T23:11:19+03:00\">\n\t\t\t27 Aral\u0131k 2023\t\t<\/time>\n\t\t\t\t\t\t\t<\/li>\n\n\t\t\t\t\t\n\t\t\t\t\t\t\t\t\t\t\t<li class=\"meta-author\">\n\t\t\t\t\t\t\t\t\t\t\t\t<span>Taraf\u0131ndan<\/span>\n\t\t\n\t\t\t\t\t<img alt='author-avatar' src='https:\/\/secure.gravatar.com\/avatar\/7425033c41e2dfed89ffe1cc678c2a73?s=32&#038;d=mm&#038;r=g' srcset='https:\/\/secure.gravatar.com\/avatar\/7425033c41e2dfed89ffe1cc678c2a73?s=64&#038;d=mm&#038;r=g 2x' class='avatar avatar-32 photo' height='32' width='32' decoding='async'\/>\t\t\n\t\t<a href=\"https:\/\/canlibahistahminlerim.com\/author\/admin\/\" rel=\"author\">\n\t\t\t<span class=\"vcard author author_name\">\n\t\t\t\t<span class=\"fn\">BNSEO<\/span>\n\t\t\t<\/span>\n\t\t<\/a>\n\t\t\t\t\t\t\t\t<\/li>\n\t\t\t\t\t\n\t\t\t\t\t\n\t\t\t\t\t\t\t\t\t\t\t<li class=\"meta-reply\">\n\t\t\t\t\t\t\t<a href=\"https:\/\/canlibahistahminlerim.com\/brezilyali-messi-icin-dev-ekipler-siraya-girdi\/#respond\"><span class=\"replies-count\">0<\/span> <span class=\"replies-count-label\">yorumlar<\/span><\/a>\t\t\t\t\t\t<\/li>\n\t\t\t\t\t\t\t\t\t\t\t\t<\/ul>\n\t\t\t\t\t\t\t<\/div><!-- .entry-meta -->\n\t\t\t\t\t\t\t\t\t\t\t<div class=\"hovered-social-icons wd-tltp wd-tltp-top\">\n\t\t\t\t\t\t\t<div class=\"wd-tooltip-label\">\n\t\t\t\t\t\t\t\t\t\t\t<link rel=\"stylesheet\" id=\"wd-social-icons-css\" href=\"https:\/\/canlibahistahminlerim.com\/wp-content\/themes\/woodmart\/css\/parts\/el-social-icons.min.css?ver=7.4.3\" type=\"text\/css\" media=\"all\" \/> \t\t\t\n\t\t\t<div class=\" wd-social-icons icons-design-default icons-size-small color-scheme-light social-share social-form-circle text-center\">\n\n\t\t\t\t\n\t\t\t\t\t\t\t\t\t<a rel=\"noopener noreferrer nofollow\" href=\"https:\/\/www.facebook.com\/sharer\/sharer.php?u=https:\/\/canlibahistahminlerim.com\/brezilyali-messi-icin-dev-ekipler-siraya-girdi\/\" target=\"_blank\" class=\" wd-social-icon social-facebook\" aria-label=\"Facebook sosyal ba\u011flant\u0131s\u0131\">\n\t\t\t\t\t\t<span class=\"wd-icon\"><\/span>\n\t\t\t\t\t\t\t\t\t\t\t<\/a>\n\t\t\t\t\n\t\t\t\t\t\t\t\t\t<a rel=\"noopener noreferrer nofollow\" href=\"https:\/\/x.com\/share?url=https:\/\/canlibahistahminlerim.com\/brezilyali-messi-icin-dev-ekipler-siraya-girdi\/\" target=\"_blank\" class=\" wd-social-icon social-twitter\" aria-label=\"X social link\">\n\t\t\t\t\t\t<span class=\"wd-icon\"><\/span>\n\t\t\t\t\t\t\t\t\t\t\t<\/a>\n\t\t\t\t\n\t\t\t\t\n\t\t\t\t\n\t\t\t\t\n\t\t\t\t\t\t\t\t\t<a rel=\"noopener noreferrer nofollow\" href=\"https:\/\/pinterest.com\/pin\/create\/button\/?url=https:\/\/canlibahistahminlerim.com\/brezilyali-messi-icin-dev-ekipler-siraya-girdi\/&media=https:\/\/canlibahistahminlerim.com\/wp-content\/uploads\/2023\/12\/Brezilyali-Messi-icin-Dev-Takimlar-Siraya-Girdi.jpg&description=BREZ%C4%B0LYALI+MESS%C4%B0+%C4%B0%C3%87%C4%B0N+DEV+EK%C4%B0PLER+SIRAYA+G%C4%B0RD%C4%B0\" target=\"_blank\" class=\" wd-social-icon social-pinterest\" aria-label=\"Pinterest sosyal ba\u011flant\u0131s\u0131\">\n\t\t\t\t\t\t<span class=\"wd-icon\"><\/span>\n\t\t\t\t\t\t\t\t\t\t\t<\/a>\n\t\t\t\t\n\t\t\t\t\n\t\t\t\t\n\t\t\t\t\n\t\t\t\t\n\t\t\t\t\n\t\t\t\t\n\t\t\t\t\n\t\t\t\t\n\t\t\t\t\n\t\t\t\t\n\t\t\t\t\t\t\t\t\t<a rel=\"noopener noreferrer nofollow\" href=\"https:\/\/api.whatsapp.com\/send?text=https%3A%2F%2Fcanlibahistahminlerim.com%2Fbrezilyali-messi-icin-dev-ekipler-siraya-girdi%2F\" target=\"_blank\" class=\"whatsapp-desktop  wd-social-icon social-whatsapp\" aria-label=\"WhatsApp sosyal ba\u011flant\u0131s\u0131\">\n\t\t\t\t\t\t<span class=\"wd-icon\"><\/span>\n\t\t\t\t\t\t\t\t\t\t\t<\/a>\n\t\t\t\t\t\n\t\t\t\t\t<a rel=\"noopener noreferrer nofollow\" href=\"whatsapp:\/\/send?text=https%3A%2F%2Fcanlibahistahminlerim.com%2Fbrezilyali-messi-icin-dev-ekipler-siraya-girdi%2F\" target=\"_blank\" class=\"whatsapp-mobile  wd-social-icon social-whatsapp\" aria-label=\"WhatsApp sosyal ba\u011flant\u0131s\u0131\">\n\t\t\t\t\t\t<span class=\"wd-icon\"><\/span>\n\t\t\t\t\t\t\t\t\t\t\t<\/a>\n\t\t\t\t\n\t\t\t\t\t\t\t\t\n\t\t\t\t\t\t\t\t\n\t\t\t\t\n\t\t\t\t\n\t\t\t\t\t\t\t\t\t<a rel=\"noopener noreferrer nofollow\" href=\"https:\/\/telegram.me\/share\/url?url=https:\/\/canlibahistahminlerim.com\/brezilyali-messi-icin-dev-ekipler-siraya-girdi\/\" target=\"_blank\" class=\" wd-social-icon social-tg\" aria-label=\"Telegram sosyal medya linki\">\n\t\t\t\t\t\t<span class=\"wd-icon\"><\/span>\n\t\t\t\t\t\t\t\t\t\t\t<\/a>\n\t\t\t\t\t\t\t\t\n\t\t\t\t\n\t\t\t<\/div>\n\n\t\t\t\t\t\t\t\t\t<\/div>\n\t\t\t\t\t\t<\/div>\n\t\t\t\t\t\t\t\t\t\t\t\t\n\t\t\t\t\t\t\t\n\t\t\t\t                    <div class=\"entry-content wd-entry-content\">\n\t\t\t\t\t\t16 ya\u015f\u0131nda olan Brezilyal\u0131 gen\u00e7 d\u00fcnya devlerini pe\u015finden s\u00fcr\u00fcklemeye ba\u015flad\u0131....\n\t\t\t\t\t\t\t\t\t\t\t<\/div><!-- .entry-content -->\n\t\t\t\t\n\t\t\t\t\t\t\t\t\t\t\t\t\t\t<p class=\"read-more-section\">\n\t\t\t\t\t\t<a class=\"btn-read-more more-link\" href=\"https:\/\/canlibahistahminlerim.com\/brezilyali-messi-icin-dev-ekipler-siraya-girdi\/\">Okumaya devam et<\/a>\t\t\t\t\t<\/p>\n\t\t\t\t\t\t\t\t\t\t\t\n\t\t\t\n\t\t\t\t\t<\/div>\n\t<\/div>\n<\/article><!-- #post -->\n\n\n\t\t\t\t\t\t\t\t\t\t\t\n<article id=\"post-61094\" class=\"wd-post blog-design-masonry blog-post-loop blog-style-bg wd-add-shadow wd-col post-61094 post type-post status-publish format-standard has-post-thumbnail hentry category-guncel-spor-haberleri category-futbol category-spor-haberleri tag-hull-citye-sunderland-soku\">\n\t<div class=\"article-inner\">\n\t\t\t\t\t<header class=\"entry-header\">\n\t\t\t\t\t\t\t\t\t<figure id=\"carousel-198\" class=\"entry-thumbnail\">\n\t\t\t\t\t\t\n\t\t\t\t\t\t\t<div class=\"post-img-wrapp\">\n\t\t\t\t\t\t\t\t<a href=\"https:\/\/canlibahistahminlerim.com\/hull-citye-sunderland-soku\/\">\n\t\t\t\t\t\t\t\t\t<img width=\"1300\" height=\"731\" src=\"https:\/\/canlibahistahminlerim.com\/wp-content\/uploads\/2023\/12\/Hull-Citye-Sunderland-Soku-1300x731.jpg\" class=\"attachment-large size-large\" alt=\"Hull City&#039;e Sunderland \u015eoku\" decoding=\"async\" srcset=\"https:\/\/canlibahistahminlerim.com\/wp-content\/uploads\/2023\/12\/Hull-Citye-Sunderland-Soku-1300x731.jpg 1300w, https:\/\/canlibahistahminlerim.com\/wp-content\/uploads\/2023\/12\/Hull-Citye-Sunderland-Soku-400x225.jpg 400w, https:\/\/canlibahistahminlerim.com\/wp-content\/uploads\/2023\/12\/Hull-Citye-Sunderland-Soku-768x432.jpg 768w, https:\/\/canlibahistahminlerim.com\/wp-content\/uploads\/2023\/12\/Hull-Citye-Sunderland-Soku-1536x864.jpg 1536w, https:\/\/canlibahistahminlerim.com\/wp-content\/uploads\/2023\/12\/Hull-Citye-Sunderland-Soku.jpg 1920w\" sizes=\"(max-width: 1300px) 100vw, 1300px\" \/>\t\t\t\t\t\t\t\t<\/a>\n\t\t\t\t\t\t\t<\/div>\n\t\t\t\t\t\t\t<div class=\"post-image-mask\">\n\t\t\t\t\t\t\t\t<span><\/span>\n\t\t\t\t\t\t\t<\/div>\n\n\t\t\t\t\t\t\n\t\t\t\t\t<\/figure>\n\t\t\t\t\n\t\t\t\t\t\t\t\t\t\t\t\t<div class=\"post-date wd-post-date wd-style-with-bg\">\n\t\t\t\t<span class=\"post-date-day\">\n\t\t\t\t\t27\t\t\t\t<\/span>\n\t\t\t\t<span class=\"post-date-month\">\n\t\t\t\t\tAra\t\t\t\t<\/span>\n\t\t\t<\/div>\n\t\t\t\t\t\t\n\t\t\t<\/header><!-- .entry-header -->\n\n\t\t<div class=\"article-body-container\">\n\t\t\t\n\t\t\t\t\t\t\t\t\t<div class=\"meta-categories-wrapp\"><div class=\"meta-post-categories wd-post-cat wd-style-with-bg\"><a href=\"https:\/\/canlibahistahminlerim.com\/guncel-spor-haberleri\/\" rel=\"category tag\">G\u00dcNCEL SPOR HABERLER\u0130<\/a>, <a href=\"https:\/\/canlibahistahminlerim.com\/spor-haberleri\/futbol\/\" rel=\"category tag\">Futbol<\/a>, <a href=\"https:\/\/canlibahistahminlerim.com\/spor-haberleri\/\" rel=\"category tag\">Spor Haberleri<\/a><\/div><\/div>\n\t\t\t\t\n\t\t\t\t\t\t\t\t\t<h3 class=\"wd-entities-title title post-title\">\n\t\t\t\t\t\t<a href=\"https:\/\/canlibahistahminlerim.com\/hull-citye-sunderland-soku\/\" rel=\"bookmark\">Hull City&#8217;e Sunderland \u015eoku<\/a>\n\t\t\t\t\t<\/h3>\n\t\t\t\t\n\t\t\t\t\t\t\t\t\t<div class=\"entry-meta wd-entry-meta\">\n\t\t\t\t\t\t\t\t\t<ul class=\"entry-meta-list\">\n\t\t\t\t\t\t\t\t\t<li class=\"modified-date\">\n\t\t\t\t\t\t\t\t<time class=\"updated\" datetime=\"2023-12-27T23:10:08+03:00\">\n\t\t\t27 Aral\u0131k 2023\t\t<\/time>\n\t\t\t\t\t\t\t<\/li>\n\n\t\t\t\t\t\n\t\t\t\t\t\t\t\t\t\t\t<li class=\"meta-author\">\n\t\t\t\t\t\t\t\t\t\t\t\t<span>Taraf\u0131ndan<\/span>\n\t\t\n\t\t\t\t\t<img alt='author-avatar' src='https:\/\/secure.gravatar.com\/avatar\/7425033c41e2dfed89ffe1cc678c2a73?s=32&#038;d=mm&#038;r=g' srcset='https:\/\/secure.gravatar.com\/avatar\/7425033c41e2dfed89ffe1cc678c2a73?s=64&#038;d=mm&#038;r=g 2x' class='avatar avatar-32 photo' height='32' width='32' decoding='async'\/>\t\t\n\t\t<a href=\"https:\/\/canlibahistahminlerim.com\/author\/admin\/\" rel=\"author\">\n\t\t\t<span class=\"vcard author author_name\">\n\t\t\t\t<span class=\"fn\">BNSEO<\/span>\n\t\t\t<\/span>\n\t\t<\/a>\n\t\t\t\t\t\t\t\t<\/li>\n\t\t\t\t\t\n\t\t\t\t\t\n\t\t\t\t\t\t\t\t\t\t\t<li class=\"meta-reply\">\n\t\t\t\t\t\t\t<a href=\"https:\/\/canlibahistahminlerim.com\/hull-citye-sunderland-soku\/#respond\"><span class=\"replies-count\">0<\/span> <span class=\"replies-count-label\">yorumlar<\/span><\/a>\t\t\t\t\t\t<\/li>\n\t\t\t\t\t\t\t\t\t\t\t\t<\/ul>\n\t\t\t\t\t\t\t<\/div><!-- .entry-meta -->\n\t\t\t\t\t\t\t\t\t\t\t<div class=\"hovered-social-icons wd-tltp wd-tltp-top\">\n\t\t\t\t\t\t\t<div class=\"wd-tooltip-label\">\n\t\t\t\t\t\t\t\t\n\t\t\t<div class=\" wd-social-icons icons-design-default icons-size-small color-scheme-light social-share social-form-circle text-center\">\n\n\t\t\t\t\n\t\t\t\t\t\t\t\t\t<a rel=\"noopener noreferrer nofollow\" href=\"https:\/\/www.facebook.com\/sharer\/sharer.php?u=https:\/\/canlibahistahminlerim.com\/hull-citye-sunderland-soku\/\" target=\"_blank\" class=\" wd-social-icon social-facebook\" aria-label=\"Facebook sosyal ba\u011flant\u0131s\u0131\">\n\t\t\t\t\t\t<span class=\"wd-icon\"><\/span>\n\t\t\t\t\t\t\t\t\t\t\t<\/a>\n\t\t\t\t\n\t\t\t\t\t\t\t\t\t<a rel=\"noopener noreferrer nofollow\" href=\"https:\/\/x.com\/share?url=https:\/\/canlibahistahminlerim.com\/hull-citye-sunderland-soku\/\" target=\"_blank\" class=\" wd-social-icon social-twitter\" aria-label=\"X social link\">\n\t\t\t\t\t\t<span class=\"wd-icon\"><\/span>\n\t\t\t\t\t\t\t\t\t\t\t<\/a>\n\t\t\t\t\n\t\t\t\t\n\t\t\t\t\n\t\t\t\t\n\t\t\t\t\t\t\t\t\t<a rel=\"noopener noreferrer nofollow\" href=\"https:\/\/pinterest.com\/pin\/create\/button\/?url=https:\/\/canlibahistahminlerim.com\/hull-citye-sunderland-soku\/&media=https:\/\/canlibahistahminlerim.com\/wp-content\/uploads\/2023\/12\/Hull-Citye-Sunderland-Soku.jpg&description=Hull+City%26%238217%3Be+Sunderland+%C5%9Eoku\" target=\"_blank\" class=\" wd-social-icon social-pinterest\" aria-label=\"Pinterest sosyal ba\u011flant\u0131s\u0131\">\n\t\t\t\t\t\t<span class=\"wd-icon\"><\/span>\n\t\t\t\t\t\t\t\t\t\t\t<\/a>\n\t\t\t\t\n\t\t\t\t\n\t\t\t\t\n\t\t\t\t\n\t\t\t\t\n\t\t\t\t\n\t\t\t\t\n\t\t\t\t\n\t\t\t\t\n\t\t\t\t\n\t\t\t\t\n\t\t\t\t\t\t\t\t\t<a rel=\"noopener noreferrer nofollow\" href=\"https:\/\/api.whatsapp.com\/send?text=https%3A%2F%2Fcanlibahistahminlerim.com%2Fhull-citye-sunderland-soku%2F\" target=\"_blank\" class=\"whatsapp-desktop  wd-social-icon social-whatsapp\" aria-label=\"WhatsApp sosyal ba\u011flant\u0131s\u0131\">\n\t\t\t\t\t\t<span class=\"wd-icon\"><\/span>\n\t\t\t\t\t\t\t\t\t\t\t<\/a>\n\t\t\t\t\t\n\t\t\t\t\t<a rel=\"noopener noreferrer nofollow\" href=\"whatsapp:\/\/send?text=https%3A%2F%2Fcanlibahistahminlerim.com%2Fhull-citye-sunderland-soku%2F\" target=\"_blank\" class=\"whatsapp-mobile  wd-social-icon social-whatsapp\" aria-label=\"WhatsApp sosyal ba\u011flant\u0131s\u0131\">\n\t\t\t\t\t\t<span class=\"wd-icon\"><\/span>\n\t\t\t\t\t\t\t\t\t\t\t<\/a>\n\t\t\t\t\n\t\t\t\t\t\t\t\t\n\t\t\t\t\t\t\t\t\n\t\t\t\t\n\t\t\t\t\n\t\t\t\t\t\t\t\t\t<a rel=\"noopener noreferrer nofollow\" href=\"https:\/\/telegram.me\/share\/url?url=https:\/\/canlibahistahminlerim.com\/hull-citye-sunderland-soku\/\" target=\"_blank\" class=\" wd-social-icon social-tg\" aria-label=\"Telegram sosyal medya linki\">\n\t\t\t\t\t\t<span class=\"wd-icon\"><\/span>\n\t\t\t\t\t\t\t\t\t\t\t<\/a>\n\t\t\t\t\t\t\t\t\n\t\t\t\t\n\t\t\t<\/div>\n\n\t\t\t\t\t\t\t\t\t<\/div>\n\t\t\t\t\t\t<\/div>\n\t\t\t\t\t\t\t\t\t\t\t\t\n\t\t\t\t\t\t\t\n\t\t\t\t                    <div class=\"entry-content wd-entry-content\">\n\t\t\t\t\t\t\u0130ngiltere Championship 24. Haftas\u0131nda Hull City evinde Sunderland ile kar\u015f\u0131la\u015ft\u0131....\n\t\t\t\t\t\t\t\t\t\t\t<\/div><!-- .entry-content -->\n\t\t\t\t\n\t\t\t\t\t\t\t\t\t\t\t\t\t\t<p class=\"read-more-section\">\n\t\t\t\t\t\t<a class=\"btn-read-more more-link\" href=\"https:\/\/canlibahistahminlerim.com\/hull-citye-sunderland-soku\/\">Okumaya devam et<\/a>\t\t\t\t\t<\/p>\n\t\t\t\t\t\t\t\t\t\t\t\n\t\t\t\n\t\t\t\t\t<\/div>\n\t<\/div>\n<\/article><!-- #post -->\n\n\n\t\t\t\t\t\t\t\t\t\t\t\n<article id=\"post-61093\" class=\"wd-post blog-design-masonry blog-post-loop blog-style-bg wd-add-shadow wd-col post-61093 post type-post status-publish format-standard has-post-thumbnail hentry category-guncel-spor-haberleri category-futbol category-spor-haberleri tag-manchester-uniteddan-inanilmaz-geri-donus\">\n\t<div class=\"article-inner\">\n\t\t\t\t\t<header class=\"entry-header\">\n\t\t\t\t\t\t\t\t\t<figure id=\"carousel-138\" class=\"entry-thumbnail\">\n\t\t\t\t\t\t\n\t\t\t\t\t\t\t<div class=\"post-img-wrapp\">\n\t\t\t\t\t\t\t\t<a href=\"https:\/\/canlibahistahminlerim.com\/manchester-uniteddan-inanilmaz-geri-donus\/\">\n\t\t\t\t\t\t\t\t\t<img width=\"1300\" height=\"731\" src=\"https:\/\/canlibahistahminlerim.com\/wp-content\/uploads\/2023\/12\/Manchester-Uniteddan-Inanilmaz-Geri-Donus-1300x731.jpg\" class=\"attachment-large size-large\" alt=\"Manchester United&#039;dan \u0130nan\u0131lmaz Geri D\u00f6n\u00fc\u015f!\" decoding=\"async\" srcset=\"https:\/\/canlibahistahminlerim.com\/wp-content\/uploads\/2023\/12\/Manchester-Uniteddan-Inanilmaz-Geri-Donus-1300x731.jpg 1300w, https:\/\/canlibahistahminlerim.com\/wp-content\/uploads\/2023\/12\/Manchester-Uniteddan-Inanilmaz-Geri-Donus-400x225.jpg 400w, https:\/\/canlibahistahminlerim.com\/wp-content\/uploads\/2023\/12\/Manchester-Uniteddan-Inanilmaz-Geri-Donus-768x432.jpg 768w, https:\/\/canlibahistahminlerim.com\/wp-content\/uploads\/2023\/12\/Manchester-Uniteddan-Inanilmaz-Geri-Donus-1536x864.jpg 1536w, https:\/\/canlibahistahminlerim.com\/wp-content\/uploads\/2023\/12\/Manchester-Uniteddan-Inanilmaz-Geri-Donus.jpg 1920w\" sizes=\"(max-width: 1300px) 100vw, 1300px\" \/>\t\t\t\t\t\t\t\t<\/a>\n\t\t\t\t\t\t\t<\/div>\n\t\t\t\t\t\t\t<div class=\"post-image-mask\">\n\t\t\t\t\t\t\t\t<span><\/span>\n\t\t\t\t\t\t\t<\/div>\n\n\t\t\t\t\t\t\n\t\t\t\t\t<\/figure>\n\t\t\t\t\n\t\t\t\t\t\t\t\t\t\t\t\t<div class=\"post-date wd-post-date wd-style-with-bg\">\n\t\t\t\t<span class=\"post-date-day\">\n\t\t\t\t\t27\t\t\t\t<\/span>\n\t\t\t\t<span class=\"post-date-month\">\n\t\t\t\t\tAra\t\t\t\t<\/span>\n\t\t\t<\/div>\n\t\t\t\t\t\t\n\t\t\t<\/header><!-- .entry-header -->\n\n\t\t<div class=\"article-body-container\">\n\t\t\t\n\t\t\t\t\t\t\t\t\t<div class=\"meta-categories-wrapp\"><div class=\"meta-post-categories wd-post-cat wd-style-with-bg\"><a href=\"https:\/\/canlibahistahminlerim.com\/guncel-spor-haberleri\/\" rel=\"category tag\">G\u00dcNCEL SPOR HABERLER\u0130<\/a>, <a href=\"https:\/\/canlibahistahminlerim.com\/spor-haberleri\/futbol\/\" rel=\"category tag\">Futbol<\/a>, <a href=\"https:\/\/canlibahistahminlerim.com\/spor-haberleri\/\" rel=\"category tag\">Spor Haberleri<\/a><\/div><\/div>\n\t\t\t\t\n\t\t\t\t\t\t\t\t\t<h3 class=\"wd-entities-title title post-title\">\n\t\t\t\t\t\t<a href=\"https:\/\/canlibahistahminlerim.com\/manchester-uniteddan-inanilmaz-geri-donus\/\" rel=\"bookmark\">Manchester United&#8217;dan \u0130nan\u0131lmaz Geri D\u00f6n\u00fc\u015f!<\/a>\n\t\t\t\t\t<\/h3>\n\t\t\t\t\n\t\t\t\t\t\t\t\t\t<div class=\"entry-meta wd-entry-meta\">\n\t\t\t\t\t\t\t\t\t<ul class=\"entry-meta-list\">\n\t\t\t\t\t\t\t\t\t<li class=\"modified-date\">\n\t\t\t\t\t\t\t\t<time class=\"updated\" datetime=\"2023-12-27T23:08:50+03:00\">\n\t\t\t27 Aral\u0131k 2023\t\t<\/time>\n\t\t\t\t\t\t\t<\/li>\n\n\t\t\t\t\t\n\t\t\t\t\t\t\t\t\t\t\t<li class=\"meta-author\">\n\t\t\t\t\t\t\t\t\t\t\t\t<span>Taraf\u0131ndan<\/span>\n\t\t\n\t\t\t\t\t<img alt='author-avatar' src='https:\/\/secure.gravatar.com\/avatar\/7425033c41e2dfed89ffe1cc678c2a73?s=32&#038;d=mm&#038;r=g' srcset='https:\/\/secure.gravatar.com\/avatar\/7425033c41e2dfed89ffe1cc678c2a73?s=64&#038;d=mm&#038;r=g 2x' class='avatar avatar-32 photo' height='32' width='32' decoding='async'\/>\t\t\n\t\t<a href=\"https:\/\/canlibahistahminlerim.com\/author\/admin\/\" rel=\"author\">\n\t\t\t<span class=\"vcard author author_name\">\n\t\t\t\t<span class=\"fn\">BNSEO<\/span>\n\t\t\t<\/span>\n\t\t<\/a>\n\t\t\t\t\t\t\t\t<\/li>\n\t\t\t\t\t\n\t\t\t\t\t\n\t\t\t\t\t\t\t\t\t\t\t<li class=\"meta-reply\">\n\t\t\t\t\t\t\t<a href=\"https:\/\/canlibahistahminlerim.com\/manchester-uniteddan-inanilmaz-geri-donus\/#respond\"><span class=\"replies-count\">0<\/span> <span class=\"replies-count-label\">yorumlar<\/span><\/a>\t\t\t\t\t\t<\/li>\n\t\t\t\t\t\t\t\t\t\t\t\t<\/ul>\n\t\t\t\t\t\t\t<\/div><!-- .entry-meta -->\n\t\t\t\t\t\t\t\t\t\t\t<div class=\"hovered-social-icons wd-tltp wd-tltp-top\">\n\t\t\t\t\t\t\t<div class=\"wd-tooltip-label\">\n\t\t\t\t\t\t\t\t\n\t\t\t<div class=\" wd-social-icons icons-design-default icons-size-small color-scheme-light social-share social-form-circle text-center\">\n\n\t\t\t\t\n\t\t\t\t\t\t\t\t\t<a rel=\"noopener noreferrer nofollow\" href=\"https:\/\/www.facebook.com\/sharer\/sharer.php?u=https:\/\/canlibahistahminlerim.com\/manchester-uniteddan-inanilmaz-geri-donus\/\" target=\"_blank\" class=\" wd-social-icon social-facebook\" aria-label=\"Facebook sosyal ba\u011flant\u0131s\u0131\">\n\t\t\t\t\t\t<span class=\"wd-icon\"><\/span>\n\t\t\t\t\t\t\t\t\t\t\t<\/a>\n\t\t\t\t\n\t\t\t\t\t\t\t\t\t<a rel=\"noopener noreferrer nofollow\" href=\"https:\/\/x.com\/share?url=https:\/\/canlibahistahminlerim.com\/manchester-uniteddan-inanilmaz-geri-donus\/\" target=\"_blank\" class=\" wd-social-icon social-twitter\" aria-label=\"X social link\">\n\t\t\t\t\t\t<span class=\"wd-icon\"><\/span>\n\t\t\t\t\t\t\t\t\t\t\t<\/a>\n\t\t\t\t\n\t\t\t\t\n\t\t\t\t\n\t\t\t\t\n\t\t\t\t\t\t\t\t\t<a rel=\"noopener noreferrer nofollow\" href=\"https:\/\/pinterest.com\/pin\/create\/button\/?url=https:\/\/canlibahistahminlerim.com\/manchester-uniteddan-inanilmaz-geri-donus\/&media=https:\/\/canlibahistahminlerim.com\/wp-content\/uploads\/2023\/12\/Manchester-Uniteddan-Inanilmaz-Geri-Donus.jpg&description=Manchester+United%26%238217%3Bdan+%C4%B0nan%C4%B1lmaz+Geri+D%C3%B6n%C3%BC%C5%9F%21\" target=\"_blank\" class=\" wd-social-icon social-pinterest\" aria-label=\"Pinterest sosyal ba\u011flant\u0131s\u0131\">\n\t\t\t\t\t\t<span class=\"wd-icon\"><\/span>\n\t\t\t\t\t\t\t\t\t\t\t<\/a>\n\t\t\t\t\n\t\t\t\t\n\t\t\t\t\n\t\t\t\t\n\t\t\t\t\n\t\t\t\t\n\t\t\t\t\n\t\t\t\t\n\t\t\t\t\n\t\t\t\t\n\t\t\t\t\n\t\t\t\t\t\t\t\t\t<a rel=\"noopener noreferrer nofollow\" href=\"https:\/\/api.whatsapp.com\/send?text=https%3A%2F%2Fcanlibahistahminlerim.com%2Fmanchester-uniteddan-inanilmaz-geri-donus%2F\" target=\"_blank\" class=\"whatsapp-desktop  wd-social-icon social-whatsapp\" aria-label=\"WhatsApp sosyal ba\u011flant\u0131s\u0131\">\n\t\t\t\t\t\t<span class=\"wd-icon\"><\/span>\n\t\t\t\t\t\t\t\t\t\t\t<\/a>\n\t\t\t\t\t\n\t\t\t\t\t<a rel=\"noopener noreferrer nofollow\" href=\"whatsapp:\/\/send?text=https%3A%2F%2Fcanlibahistahminlerim.com%2Fmanchester-uniteddan-inanilmaz-geri-donus%2F\" target=\"_blank\" class=\"whatsapp-mobile  wd-social-icon social-whatsapp\" aria-label=\"WhatsApp sosyal ba\u011flant\u0131s\u0131\">\n\t\t\t\t\t\t<span class=\"wd-icon\"><\/span>\n\t\t\t\t\t\t\t\t\t\t\t<\/a>\n\t\t\t\t\n\t\t\t\t\t\t\t\t\n\t\t\t\t\t\t\t\t\n\t\t\t\t\n\t\t\t\t\n\t\t\t\t\t\t\t\t\t<a rel=\"noopener noreferrer nofollow\" href=\"https:\/\/telegram.me\/share\/url?url=https:\/\/canlibahistahminlerim.com\/manchester-uniteddan-inanilmaz-geri-donus\/\" target=\"_blank\" class=\" wd-social-icon social-tg\" aria-label=\"Telegram sosyal medya linki\">\n\t\t\t\t\t\t<span class=\"wd-icon\"><\/span>\n\t\t\t\t\t\t\t\t\t\t\t<\/a>\n\t\t\t\t\t\t\t\t\n\t\t\t\t\n\t\t\t<\/div>\n\n\t\t\t\t\t\t\t\t\t<\/div>\n\t\t\t\t\t\t<\/div>\n\t\t\t\t\t\t\t\t\t\t\t\t\n\t\t\t\t\t\t\t\n\t\t\t\t                    <div class=\"entry-content wd-entry-content\">\n\t\t\t\t\t\tD\u00fcn ak\u015fam Premier Lig\u2019de zirve hatt\u0131na yak\u0131n olan iki tak\u0131m...\n\t\t\t\t\t\t\t\t\t\t\t<\/div><!-- .entry-content -->\n\t\t\t\t\n\t\t\t\t\t\t\t\t\t\t\t\t\t\t<p class=\"read-more-section\">\n\t\t\t\t\t\t<a class=\"btn-read-more more-link\" href=\"https:\/\/canlibahistahminlerim.com\/manchester-uniteddan-inanilmaz-geri-donus\/\">Okumaya devam et<\/a>\t\t\t\t\t<\/p>\n\t\t\t\t\t\t\t\t\t\t\t\n\t\t\t\n\t\t\t\t\t<\/div>\n\t<\/div>\n<\/article><!-- #post -->\n\n\n\t\t\t\t\t\t\t\t\t\t\t\n<article id=\"post-61092\" class=\"wd-post blog-design-masonry blog-post-loop blog-style-bg wd-add-shadow wd-col post-61092 post type-post status-publish format-standard has-post-thumbnail hentry category-guncel-spor-haberleri category-futbol category-spor-haberleri tag-ronaldo-ve-talisca-firtinasi-devam-ediyor\">\n\t<div class=\"article-inner\">\n\t\t\t\t\t<header class=\"entry-header\">\n\t\t\t\t\t\t\t\t\t<figure id=\"carousel-899\" class=\"entry-thumbnail\">\n\t\t\t\t\t\t\n\t\t\t\t\t\t\t<div class=\"post-img-wrapp\">\n\t\t\t\t\t\t\t\t<a href=\"https:\/\/canlibahistahminlerim.com\/ronaldo-ve-talisca-firtinasi-devam-ediyor\/\">\n\t\t\t\t\t\t\t\t\t<img width=\"1300\" height=\"731\" src=\"https:\/\/canlibahistahminlerim.com\/wp-content\/uploads\/2023\/12\/Ronaldo-ve-Talisca-Firtinasi-Devam-Ediyor-1300x731.jpg\" class=\"attachment-large size-large\" alt=\"Ronaldo ve Talisca F\u0131rt\u0131nas\u0131 Devam Ediyor\" decoding=\"async\" srcset=\"https:\/\/canlibahistahminlerim.com\/wp-content\/uploads\/2023\/12\/Ronaldo-ve-Talisca-Firtinasi-Devam-Ediyor-1300x731.jpg 1300w, https:\/\/canlibahistahminlerim.com\/wp-content\/uploads\/2023\/12\/Ronaldo-ve-Talisca-Firtinasi-Devam-Ediyor-400x225.jpg 400w, https:\/\/canlibahistahminlerim.com\/wp-content\/uploads\/2023\/12\/Ronaldo-ve-Talisca-Firtinasi-Devam-Ediyor-768x432.jpg 768w, https:\/\/canlibahistahminlerim.com\/wp-content\/uploads\/2023\/12\/Ronaldo-ve-Talisca-Firtinasi-Devam-Ediyor-1536x864.jpg 1536w, https:\/\/canlibahistahminlerim.com\/wp-content\/uploads\/2023\/12\/Ronaldo-ve-Talisca-Firtinasi-Devam-Ediyor.jpg 1920w\" sizes=\"(max-width: 1300px) 100vw, 1300px\" \/>\t\t\t\t\t\t\t\t<\/a>\n\t\t\t\t\t\t\t<\/div>\n\t\t\t\t\t\t\t<div class=\"post-image-mask\">\n\t\t\t\t\t\t\t\t<span><\/span>\n\t\t\t\t\t\t\t<\/div>\n\n\t\t\t\t\t\t\n\t\t\t\t\t<\/figure>\n\t\t\t\t\n\t\t\t\t\t\t\t\t\t\t\t\t<div class=\"post-date wd-post-date wd-style-with-bg\">\n\t\t\t\t<span class=\"post-date-day\">\n\t\t\t\t\t27\t\t\t\t<\/span>\n\t\t\t\t<span class=\"post-date-month\">\n\t\t\t\t\tAra\t\t\t\t<\/span>\n\t\t\t<\/div>\n\t\t\t\t\t\t\n\t\t\t<\/header><!-- .entry-header -->\n\n\t\t<div class=\"article-body-container\">\n\t\t\t\n\t\t\t\t\t\t\t\t\t<div class=\"meta-categories-wrapp\"><div class=\"meta-post-categories wd-post-cat wd-style-with-bg\"><a href=\"https:\/\/canlibahistahminlerim.com\/guncel-spor-haberleri\/\" rel=\"category tag\">G\u00dcNCEL SPOR HABERLER\u0130<\/a>, <a href=\"https:\/\/canlibahistahminlerim.com\/spor-haberleri\/futbol\/\" rel=\"category tag\">Futbol<\/a>, <a href=\"https:\/\/canlibahistahminlerim.com\/spor-haberleri\/\" rel=\"category tag\">Spor Haberleri<\/a><\/div><\/div>\n\t\t\t\t\n\t\t\t\t\t\t\t\t\t<h3 class=\"wd-entities-title title post-title\">\n\t\t\t\t\t\t<a href=\"https:\/\/canlibahistahminlerim.com\/ronaldo-ve-talisca-firtinasi-devam-ediyor\/\" rel=\"bookmark\">Ronaldo ve Talisca F\u0131rt\u0131nas\u0131 Devam Ediyor<\/a>\n\t\t\t\t\t<\/h3>\n\t\t\t\t\n\t\t\t\t\t\t\t\t\t<div class=\"entry-meta wd-entry-meta\">\n\t\t\t\t\t\t\t\t\t<ul class=\"entry-meta-list\">\n\t\t\t\t\t\t\t\t\t<li class=\"modified-date\">\n\t\t\t\t\t\t\t\t<time class=\"updated\" datetime=\"2023-12-27T23:07:32+03:00\">\n\t\t\t27 Aral\u0131k 2023\t\t<\/time>\n\t\t\t\t\t\t\t<\/li>\n\n\t\t\t\t\t\n\t\t\t\t\t\t\t\t\t\t\t<li class=\"meta-author\">\n\t\t\t\t\t\t\t\t\t\t\t\t<span>Taraf\u0131ndan<\/span>\n\t\t\n\t\t\t\t\t<img alt='author-avatar' src='https:\/\/secure.gravatar.com\/avatar\/7425033c41e2dfed89ffe1cc678c2a73?s=32&#038;d=mm&#038;r=g' srcset='https:\/\/secure.gravatar.com\/avatar\/7425033c41e2dfed89ffe1cc678c2a73?s=64&#038;d=mm&#038;r=g 2x' class='avatar avatar-32 photo' height='32' width='32' decoding='async'\/>\t\t\n\t\t<a href=\"https:\/\/canlibahistahminlerim.com\/author\/admin\/\" rel=\"author\">\n\t\t\t<span class=\"vcard author author_name\">\n\t\t\t\t<span class=\"fn\">BNSEO<\/span>\n\t\t\t<\/span>\n\t\t<\/a>\n\t\t\t\t\t\t\t\t<\/li>\n\t\t\t\t\t\n\t\t\t\t\t\n\t\t\t\t\t\t\t\t\t\t\t<li class=\"meta-reply\">\n\t\t\t\t\t\t\t<a href=\"https:\/\/canlibahistahminlerim.com\/ronaldo-ve-talisca-firtinasi-devam-ediyor\/#respond\"><span class=\"replies-count\">0<\/span> <span class=\"replies-count-label\">yorumlar<\/span><\/a>\t\t\t\t\t\t<\/li>\n\t\t\t\t\t\t\t\t\t\t\t\t<\/ul>\n\t\t\t\t\t\t\t<\/div><!-- .entry-meta -->\n\t\t\t\t\t\t\t\t\t\t\t<div class=\"hovered-social-icons wd-tltp wd-tltp-top\">\n\t\t\t\t\t\t\t<div class=\"wd-tooltip-label\">\n\t\t\t\t\t\t\t\t\n\t\t\t<div class=\" wd-social-icons icons-design-default icons-size-small color-scheme-light social-share social-form-circle text-center\">\n\n\t\t\t\t\n\t\t\t\t\t\t\t\t\t<a rel=\"noopener noreferrer nofollow\" href=\"https:\/\/www.facebook.com\/sharer\/sharer.php?u=https:\/\/canlibahistahminlerim.com\/ronaldo-ve-talisca-firtinasi-devam-ediyor\/\" target=\"_blank\" class=\" wd-social-icon social-facebook\" aria-label=\"Facebook sosyal ba\u011flant\u0131s\u0131\">\n\t\t\t\t\t\t<span class=\"wd-icon\"><\/span>\n\t\t\t\t\t\t\t\t\t\t\t<\/a>\n\t\t\t\t\n\t\t\t\t\t\t\t\t\t<a rel=\"noopener noreferrer nofollow\" href=\"https:\/\/x.com\/share?url=https:\/\/canlibahistahminlerim.com\/ronaldo-ve-talisca-firtinasi-devam-ediyor\/\" target=\"_blank\" class=\" wd-social-icon social-twitter\" aria-label=\"X social link\">\n\t\t\t\t\t\t<span class=\"wd-icon\"><\/span>\n\t\t\t\t\t\t\t\t\t\t\t<\/a>\n\t\t\t\t\n\t\t\t\t\n\t\t\t\t\n\t\t\t\t\n\t\t\t\t\t\t\t\t\t<a rel=\"noopener noreferrer nofollow\" href=\"https:\/\/pinterest.com\/pin\/create\/button\/?url=https:\/\/canlibahistahminlerim.com\/ronaldo-ve-talisca-firtinasi-devam-ediyor\/&media=https:\/\/canlibahistahminlerim.com\/wp-content\/uploads\/2023\/12\/Ronaldo-ve-Talisca-Firtinasi-Devam-Ediyor.jpg&description=Ronaldo+ve+Talisca+F%C4%B1rt%C4%B1nas%C4%B1+Devam+Ediyor\" target=\"_blank\" class=\" wd-social-icon social-pinterest\" aria-label=\"Pinterest sosyal ba\u011flant\u0131s\u0131\">\n\t\t\t\t\t\t<span class=\"wd-icon\"><\/span>\n\t\t\t\t\t\t\t\t\t\t\t<\/a>\n\t\t\t\t\n\t\t\t\t\n\t\t\t\t\n\t\t\t\t\n\t\t\t\t\n\t\t\t\t\n\t\t\t\t\n\t\t\t\t\n\t\t\t\t\n\t\t\t\t\n\t\t\t\t\n\t\t\t\t\t\t\t\t\t<a rel=\"noopener noreferrer nofollow\" href=\"https:\/\/api.whatsapp.com\/send?text=https%3A%2F%2Fcanlibahistahminlerim.com%2Fronaldo-ve-talisca-firtinasi-devam-ediyor%2F\" target=\"_blank\" class=\"whatsapp-desktop  wd-social-icon social-whatsapp\" aria-label=\"WhatsApp sosyal ba\u011flant\u0131s\u0131\">\n\t\t\t\t\t\t<span class=\"wd-icon\"><\/span>\n\t\t\t\t\t\t\t\t\t\t\t<\/a>\n\t\t\t\t\t\n\t\t\t\t\t<a rel=\"noopener noreferrer nofollow\" href=\"whatsapp:\/\/send?text=https%3A%2F%2Fcanlibahistahminlerim.com%2Fronaldo-ve-talisca-firtinasi-devam-ediyor%2F\" target=\"_blank\" class=\"whatsapp-mobile  wd-social-icon social-whatsapp\" aria-label=\"WhatsApp sosyal ba\u011flant\u0131s\u0131\">\n\t\t\t\t\t\t<span class=\"wd-icon\"><\/span>\n\t\t\t\t\t\t\t\t\t\t\t<\/a>\n\t\t\t\t\n\t\t\t\t\t\t\t\t\n\t\t\t\t\t\t\t\t\n\t\t\t\t\n\t\t\t\t\n\t\t\t\t\t\t\t\t\t<a rel=\"noopener noreferrer nofollow\" href=\"https:\/\/telegram.me\/share\/url?url=https:\/\/canlibahistahminlerim.com\/ronaldo-ve-talisca-firtinasi-devam-ediyor\/\" target=\"_blank\" class=\" wd-social-icon social-tg\" aria-label=\"Telegram sosyal medya linki\">\n\t\t\t\t\t\t<span class=\"wd-icon\"><\/span>\n\t\t\t\t\t\t\t\t\t\t\t<\/a>\n\t\t\t\t\t\t\t\t\n\t\t\t\t\n\t\t\t<\/div>\n\n\t\t\t\t\t\t\t\t\t<\/div>\n\t\t\t\t\t\t<\/div>\n\t\t\t\t\t\t\t\t\t\t\t\t\n\t\t\t\t\t\t\t\n\t\t\t\t                    <div class=\"entry-content wd-entry-content\">\n\t\t\t\t\t\tSuudi Pro Liginde 18. Hafta ma\u00e7\u0131nda Cristiano Ronaldo ve Benzema...\n\t\t\t\t\t\t\t\t\t\t\t<\/div><!-- .entry-content -->\n\t\t\t\t\n\t\t\t\t\t\t\t\t\t\t\t\t\t\t<p class=\"read-more-section\">\n\t\t\t\t\t\t<a class=\"btn-read-more more-link\" href=\"https:\/\/canlibahistahminlerim.com\/ronaldo-ve-talisca-firtinasi-devam-ediyor\/\">Okumaya devam et<\/a>\t\t\t\t\t<\/p>\n\t\t\t\t\t\t\t\t\t\t\t\n\t\t\t\n\t\t\t\t\t<\/div>\n\t<\/div>\n<\/article><!-- #post -->\n\n\n\t\t\t\t\t\t\t\t\t\t\t\n<article id=\"post-61096\" class=\"wd-post blog-design-masonry blog-post-loop blog-style-bg wd-add-shadow wd-col post-61096 post type-post status-publish format-standard has-post-thumbnail hentry category-guncel-spor-haberleri category-futbol category-spor-haberleri tag-super-kupada-dagitilacak-para-odulu-belli-oldu\">\n\t<div class=\"article-inner\">\n\t\t\t\t\t<header class=\"entry-header\">\n\t\t\t\t\t\t\t\t\t<figure id=\"carousel-888\" class=\"entry-thumbnail\">\n\t\t\t\t\t\t\n\t\t\t\t\t\t\t<div class=\"post-img-wrapp\">\n\t\t\t\t\t\t\t\t<a href=\"https:\/\/canlibahistahminlerim.com\/super-kupada-dagitilacak-para-odulu-belli-oldu\/\">\n\t\t\t\t\t\t\t\t\t<img width=\"1300\" height=\"731\" src=\"https:\/\/canlibahistahminlerim.com\/wp-content\/uploads\/2023\/12\/Super-Kupada-dagitilacak-para-odulu-belli-oldu-1300x731.jpg\" class=\"attachment-large size-large\" alt=\"S\u00dcPER KUPA&#039;DA DA\u011eITILACAK PARA \u00d6D\u00dcL\u00dc BELL\u0130 OLDU\" decoding=\"async\" srcset=\"https:\/\/canlibahistahminlerim.com\/wp-content\/uploads\/2023\/12\/Super-Kupada-dagitilacak-para-odulu-belli-oldu-1300x731.jpg 1300w, https:\/\/canlibahistahminlerim.com\/wp-content\/uploads\/2023\/12\/Super-Kupada-dagitilacak-para-odulu-belli-oldu-400x225.jpg 400w, https:\/\/canlibahistahminlerim.com\/wp-content\/uploads\/2023\/12\/Super-Kupada-dagitilacak-para-odulu-belli-oldu-768x432.jpg 768w, https:\/\/canlibahistahminlerim.com\/wp-content\/uploads\/2023\/12\/Super-Kupada-dagitilacak-para-odulu-belli-oldu-1536x864.jpg 1536w, https:\/\/canlibahistahminlerim.com\/wp-content\/uploads\/2023\/12\/Super-Kupada-dagitilacak-para-odulu-belli-oldu.jpg 1920w\" sizes=\"(max-width: 1300px) 100vw, 1300px\" \/>\t\t\t\t\t\t\t\t<\/a>\n\t\t\t\t\t\t\t<\/div>\n\t\t\t\t\t\t\t<div class=\"post-image-mask\">\n\t\t\t\t\t\t\t\t<span><\/span>\n\t\t\t\t\t\t\t<\/div>\n\n\t\t\t\t\t\t\n\t\t\t\t\t<\/figure>\n\t\t\t\t\n\t\t\t\t\t\t\t\t\t\t\t\t<div class=\"post-date wd-post-date wd-style-with-bg\">\n\t\t\t\t<span class=\"post-date-day\">\n\t\t\t\t\t27\t\t\t\t<\/span>\n\t\t\t\t<span class=\"post-date-month\">\n\t\t\t\t\tAra\t\t\t\t<\/span>\n\t\t\t<\/div>\n\t\t\t\t\t\t\n\t\t\t<\/header><!-- .entry-header -->\n\n\t\t<div class=\"article-body-container\">\n\t\t\t\n\t\t\t\t\t\t\t\t\t<div class=\"meta-categories-wrapp\"><div class=\"meta-post-categories wd-post-cat wd-style-with-bg\"><a href=\"https:\/\/canlibahistahminlerim.com\/guncel-spor-haberleri\/\" rel=\"category tag\">G\u00dcNCEL SPOR HABERLER\u0130<\/a>, <a href=\"https:\/\/canlibahistahminlerim.com\/spor-haberleri\/futbol\/\" rel=\"category tag\">Futbol<\/a>, <a href=\"https:\/\/canlibahistahminlerim.com\/spor-haberleri\/\" rel=\"category tag\">Spor Haberleri<\/a><\/div><\/div>\n\t\t\t\t\n\t\t\t\t\t\t\t\t\t<h3 class=\"wd-entities-title title post-title\">\n\t\t\t\t\t\t<a href=\"https:\/\/canlibahistahminlerim.com\/super-kupada-dagitilacak-para-odulu-belli-oldu\/\" rel=\"bookmark\">S\u00dcPER KUPA&#8217;DA DA\u011eITILACAK PARA \u00d6D\u00dcL\u00dc BELL\u0130 OLDU<\/a>\n\t\t\t\t\t<\/h3>\n\t\t\t\t\n\t\t\t\t\t\t\t\t\t<div class=\"entry-meta wd-entry-meta\">\n\t\t\t\t\t\t\t\t\t<ul class=\"entry-meta-list\">\n\t\t\t\t\t\t\t\t\t<li class=\"modified-date\">\n\t\t\t\t\t\t\t\t<time class=\"updated\" datetime=\"2023-12-27T23:05:52+03:00\">\n\t\t\t27 Aral\u0131k 2023\t\t<\/time>\n\t\t\t\t\t\t\t<\/li>\n\n\t\t\t\t\t\n\t\t\t\t\t\t\t\t\t\t\t<li class=\"meta-author\">\n\t\t\t\t\t\t\t\t\t\t\t\t<span>Taraf\u0131ndan<\/span>\n\t\t\n\t\t\t\t\t<img alt='author-avatar' src='https:\/\/secure.gravatar.com\/avatar\/7425033c41e2dfed89ffe1cc678c2a73?s=32&#038;d=mm&#038;r=g' srcset='https:\/\/secure.gravatar.com\/avatar\/7425033c41e2dfed89ffe1cc678c2a73?s=64&#038;d=mm&#038;r=g 2x' class='avatar avatar-32 photo' height='32' width='32' decoding='async'\/>\t\t\n\t\t<a href=\"https:\/\/canlibahistahminlerim.com\/author\/admin\/\" rel=\"author\">\n\t\t\t<span class=\"vcard author author_name\">\n\t\t\t\t<span class=\"fn\">BNSEO<\/span>\n\t\t\t<\/span>\n\t\t<\/a>\n\t\t\t\t\t\t\t\t<\/li>\n\t\t\t\t\t\n\t\t\t\t\t\n\t\t\t\t\t\t\t\t\t\t\t<li class=\"meta-reply\">\n\t\t\t\t\t\t\t<a href=\"https:\/\/canlibahistahminlerim.com\/super-kupada-dagitilacak-para-odulu-belli-oldu\/#respond\"><span class=\"replies-count\">0<\/span> <span class=\"replies-count-label\">yorumlar<\/span><\/a>\t\t\t\t\t\t<\/li>\n\t\t\t\t\t\t\t\t\t\t\t\t<\/ul>\n\t\t\t\t\t\t\t<\/div><!-- .entry-meta -->\n\t\t\t\t\t\t\t\t\t\t\t<div class=\"hovered-social-icons wd-tltp wd-tltp-top\">\n\t\t\t\t\t\t\t<div class=\"wd-tooltip-label\">\n\t\t\t\t\t\t\t\t\n\t\t\t<div class=\" wd-social-icons icons-design-default icons-size-small color-scheme-light social-share social-form-circle text-center\">\n\n\t\t\t\t\n\t\t\t\t\t\t\t\t\t<a rel=\"noopener noreferrer nofollow\" href=\"https:\/\/www.facebook.com\/sharer\/sharer.php?u=https:\/\/canlibahistahminlerim.com\/super-kupada-dagitilacak-para-odulu-belli-oldu\/\" target=\"_blank\" class=\" wd-social-icon social-facebook\" aria-label=\"Facebook sosyal ba\u011flant\u0131s\u0131\">\n\t\t\t\t\t\t<span class=\"wd-icon\"><\/span>\n\t\t\t\t\t\t\t\t\t\t\t<\/a>\n\t\t\t\t\n\t\t\t\t\t\t\t\t\t<a rel=\"noopener noreferrer nofollow\" href=\"https:\/\/x.com\/share?url=https:\/\/canlibahistahminlerim.com\/super-kupada-dagitilacak-para-odulu-belli-oldu\/\" target=\"_blank\" class=\" wd-social-icon social-twitter\" aria-label=\"X social link\">\n\t\t\t\t\t\t<span class=\"wd-icon\"><\/span>\n\t\t\t\t\t\t\t\t\t\t\t<\/a>\n\t\t\t\t\n\t\t\t\t\n\t\t\t\t\n\t\t\t\t\n\t\t\t\t\t\t\t\t\t<a rel=\"noopener noreferrer nofollow\" href=\"https:\/\/pinterest.com\/pin\/create\/button\/?url=https:\/\/canlibahistahminlerim.com\/super-kupada-dagitilacak-para-odulu-belli-oldu\/&media=https:\/\/canlibahistahminlerim.com\/wp-content\/uploads\/2023\/12\/Super-Kupada-dagitilacak-para-odulu-belli-oldu.jpg&description=S%C3%9CPER+KUPA%26%238217%3BDA+DA%C4%9EITILACAK+PARA+%C3%96D%C3%9CL%C3%9C+BELL%C4%B0+OLDU\" target=\"_blank\" class=\" wd-social-icon social-pinterest\" aria-label=\"Pinterest sosyal ba\u011flant\u0131s\u0131\">\n\t\t\t\t\t\t<span class=\"wd-icon\"><\/span>\n\t\t\t\t\t\t\t\t\t\t\t<\/a>\n\t\t\t\t\n\t\t\t\t\n\t\t\t\t\n\t\t\t\t\n\t\t\t\t\n\t\t\t\t\n\t\t\t\t\n\t\t\t\t\n\t\t\t\t\n\t\t\t\t\n\t\t\t\t\n\t\t\t\t\t\t\t\t\t<a rel=\"noopener noreferrer nofollow\" href=\"https:\/\/api.whatsapp.com\/send?text=https%3A%2F%2Fcanlibahistahminlerim.com%2Fsuper-kupada-dagitilacak-para-odulu-belli-oldu%2F\" target=\"_blank\" class=\"whatsapp-desktop  wd-social-icon social-whatsapp\" aria-label=\"WhatsApp sosyal ba\u011flant\u0131s\u0131\">\n\t\t\t\t\t\t<span class=\"wd-icon\"><\/span>\n\t\t\t\t\t\t\t\t\t\t\t<\/a>\n\t\t\t\t\t\n\t\t\t\t\t<a rel=\"noopener noreferrer nofollow\" href=\"whatsapp:\/\/send?text=https%3A%2F%2Fcanlibahistahminlerim.com%2Fsuper-kupada-dagitilacak-para-odulu-belli-oldu%2F\" target=\"_blank\" class=\"whatsapp-mobile  wd-social-icon social-whatsapp\" aria-label=\"WhatsApp sosyal ba\u011flant\u0131s\u0131\">\n\t\t\t\t\t\t<span class=\"wd-icon\"><\/span>\n\t\t\t\t\t\t\t\t\t\t\t<\/a>\n\t\t\t\t\n\t\t\t\t\t\t\t\t\n\t\t\t\t\t\t\t\t\n\t\t\t\t\n\t\t\t\t\n\t\t\t\t\t\t\t\t\t<a rel=\"noopener noreferrer nofollow\" href=\"https:\/\/telegram.me\/share\/url?url=https:\/\/canlibahistahminlerim.com\/super-kupada-dagitilacak-para-odulu-belli-oldu\/\" target=\"_blank\" class=\" wd-social-icon social-tg\" aria-label=\"Telegram sosyal medya linki\">\n\t\t\t\t\t\t<span class=\"wd-icon\"><\/span>\n\t\t\t\t\t\t\t\t\t\t\t<\/a>\n\t\t\t\t\t\t\t\t\n\t\t\t\t\n\t\t\t<\/div>\n\n\t\t\t\t\t\t\t\t\t<\/div>\n\t\t\t\t\t\t<\/div>\n\t\t\t\t\t\t\t\t\t\t\t\t\n\t\t\t\t\t\t\t\n\t\t\t\t                    <div class=\"entry-content wd-entry-content\">\n\t\t\t\t\t\tGalatasaray ve Fenerbah\u00e7e 29 Aral\u0131k Cuma g\u00fcn\u00fc Suudi Arabistan\u2019\u0131n Riyad...\n\t\t\t\t\t\t\t\t\t\t\t<\/div><!-- .entry-content -->\n\t\t\t\t\n\t\t\t\t\t\t\t\t\t\t\t\t\t\t<p class=\"read-more-section\">\n\t\t\t\t\t\t<a class=\"btn-read-more more-link\" href=\"https:\/\/canlibahistahminlerim.com\/super-kupada-dagitilacak-para-odulu-belli-oldu\/\">Okumaya devam et<\/a>\t\t\t\t\t<\/p>\n\t\t\t\t\t\t\t\t\t\t\t\n\t\t\t\n\t\t\t\t\t<\/div>\n\t<\/div>\n<\/article><!-- #post -->\n\n\n\t\t\t\t\t\t\t\t\t\t\t\n<article id=\"post-61091\" class=\"wd-post blog-design-masonry blog-post-loop blog-style-bg wd-add-shadow wd-col post-61091 post type-post status-publish format-standard has-post-thumbnail hentry category-guncel-spor-haberleri category-futbol category-spor-haberleri tag-ronaldodan-marcelonun-ogluna-surpriz-hediye\">\n\t<div class=\"article-inner\">\n\t\t\t\t\t<header class=\"entry-header\">\n\t\t\t\t\t\t\t\t\t<figure id=\"carousel-536\" class=\"entry-thumbnail\">\n\t\t\t\t\t\t\n\t\t\t\t\t\t\t<div class=\"post-img-wrapp\">\n\t\t\t\t\t\t\t\t<a href=\"https:\/\/canlibahistahminlerim.com\/61091-2\/\">\n\t\t\t\t\t\t\t\t\t<img width=\"1300\" height=\"731\" src=\"https:\/\/canlibahistahminlerim.com\/wp-content\/uploads\/2023\/12\/Ronaldodan-Marcelonun-Ogluna-Surpriz-Hediye-1300x731.jpg\" class=\"attachment-large size-large\" alt=\"RONALDO&#039;DAN MARCELO&#039;NUN O\u011eLUNA S\u00dcRPR\u0130Z HED\u0130YE\" decoding=\"async\" srcset=\"https:\/\/canlibahistahminlerim.com\/wp-content\/uploads\/2023\/12\/Ronaldodan-Marcelonun-Ogluna-Surpriz-Hediye-1300x731.jpg 1300w, https:\/\/canlibahistahminlerim.com\/wp-content\/uploads\/2023\/12\/Ronaldodan-Marcelonun-Ogluna-Surpriz-Hediye-400x225.jpg 400w, https:\/\/canlibahistahminlerim.com\/wp-content\/uploads\/2023\/12\/Ronaldodan-Marcelonun-Ogluna-Surpriz-Hediye-768x432.jpg 768w, https:\/\/canlibahistahminlerim.com\/wp-content\/uploads\/2023\/12\/Ronaldodan-Marcelonun-Ogluna-Surpriz-Hediye-1536x864.jpg 1536w, https:\/\/canlibahistahminlerim.com\/wp-content\/uploads\/2023\/12\/Ronaldodan-Marcelonun-Ogluna-Surpriz-Hediye.jpg 1920w\" sizes=\"(max-width: 1300px) 100vw, 1300px\" \/>\t\t\t\t\t\t\t\t<\/a>\n\t\t\t\t\t\t\t<\/div>\n\t\t\t\t\t\t\t<div class=\"post-image-mask\">\n\t\t\t\t\t\t\t\t<span><\/span>\n\t\t\t\t\t\t\t<\/div>\n\n\t\t\t\t\t\t\n\t\t\t\t\t<\/figure>\n\t\t\t\t\n\t\t\t\t\t\t\t\t\t\t\t\t<div class=\"post-date wd-post-date wd-style-with-bg\">\n\t\t\t\t<span class=\"post-date-day\">\n\t\t\t\t\t27\t\t\t\t<\/span>\n\t\t\t\t<span class=\"post-date-month\">\n\t\t\t\t\tAra\t\t\t\t<\/span>\n\t\t\t<\/div>\n\t\t\t\t\t\t\n\t\t\t<\/header><!-- .entry-header -->\n\n\t\t<div class=\"article-body-container\">\n\t\t\t\n\t\t\t\t\t\t\t\t\t<div class=\"meta-categories-wrapp\"><div class=\"meta-post-categories wd-post-cat wd-style-with-bg\"><a href=\"https:\/\/canlibahistahminlerim.com\/guncel-spor-haberleri\/\" rel=\"category tag\">G\u00dcNCEL SPOR HABERLER\u0130<\/a>, <a href=\"https:\/\/canlibahistahminlerim.com\/spor-haberleri\/futbol\/\" rel=\"category tag\">Futbol<\/a>, <a href=\"https:\/\/canlibahistahminlerim.com\/spor-haberleri\/\" rel=\"category tag\">Spor Haberleri<\/a><\/div><\/div>\n\t\t\t\t\n\t\t\t\t\t\t\t\t\t<h3 class=\"wd-entities-title title post-title\">\n\t\t\t\t\t\t<a href=\"https:\/\/canlibahistahminlerim.com\/61091-2\/\" rel=\"bookmark\">RONALDO&#8217;DAN MARCELO&#8217;NUN O\u011eLUNA S\u00dcRPR\u0130Z HED\u0130YE<\/a>\n\t\t\t\t\t<\/h3>\n\t\t\t\t\n\t\t\t\t\t\t\t\t\t<div class=\"entry-meta wd-entry-meta\">\n\t\t\t\t\t\t\t\t\t<ul class=\"entry-meta-list\">\n\t\t\t\t\t\t\t\t\t<li class=\"modified-date\">\n\t\t\t\t\t\t\t\t<time class=\"updated\" datetime=\"2023-12-27T23:04:31+03:00\">\n\t\t\t27 Aral\u0131k 2023\t\t<\/time>\n\t\t\t\t\t\t\t<\/li>\n\n\t\t\t\t\t\n\t\t\t\t\t\t\t\t\t\t\t<li class=\"meta-author\">\n\t\t\t\t\t\t\t\t\t\t\t\t<span>Taraf\u0131ndan<\/span>\n\t\t\n\t\t\t\t\t<img alt='author-avatar' src='https:\/\/secure.gravatar.com\/avatar\/7425033c41e2dfed89ffe1cc678c2a73?s=32&#038;d=mm&#038;r=g' srcset='https:\/\/secure.gravatar.com\/avatar\/7425033c41e2dfed89ffe1cc678c2a73?s=64&#038;d=mm&#038;r=g 2x' class='avatar avatar-32 photo' height='32' width='32' decoding='async'\/>\t\t\n\t\t<a href=\"https:\/\/canlibahistahminlerim.com\/author\/admin\/\" rel=\"author\">\n\t\t\t<span class=\"vcard author author_name\">\n\t\t\t\t<span class=\"fn\">BNSEO<\/span>\n\t\t\t<\/span>\n\t\t<\/a>\n\t\t\t\t\t\t\t\t<\/li>\n\t\t\t\t\t\n\t\t\t\t\t\n\t\t\t\t\t\t\t\t\t\t\t<li class=\"meta-reply\">\n\t\t\t\t\t\t\t<a href=\"https:\/\/canlibahistahminlerim.com\/61091-2\/#respond\"><span class=\"replies-count\">0<\/span> <span class=\"replies-count-label\">yorumlar<\/span><\/a>\t\t\t\t\t\t<\/li>\n\t\t\t\t\t\t\t\t\t\t\t\t<\/ul>\n\t\t\t\t\t\t\t<\/div><!-- .entry-meta -->\n\t\t\t\t\t\t\t\t\t\t\t<div class=\"hovered-social-icons wd-tltp wd-tltp-top\">\n\t\t\t\t\t\t\t<div class=\"wd-tooltip-label\">\n\t\t\t\t\t\t\t\t\n\t\t\t<div class=\" wd-social-icons icons-design-default icons-size-small color-scheme-light social-share social-form-circle text-center\">\n\n\t\t\t\t\n\t\t\t\t\t\t\t\t\t<a rel=\"noopener noreferrer nofollow\" href=\"https:\/\/www.facebook.com\/sharer\/sharer.php?u=https:\/\/canlibahistahminlerim.com\/61091-2\/\" target=\"_blank\" class=\" wd-social-icon social-facebook\" aria-label=\"Facebook sosyal ba\u011flant\u0131s\u0131\">\n\t\t\t\t\t\t<span class=\"wd-icon\"><\/span>\n\t\t\t\t\t\t\t\t\t\t\t<\/a>\n\t\t\t\t\n\t\t\t\t\t\t\t\t\t<a rel=\"noopener noreferrer nofollow\" href=\"https:\/\/x.com\/share?url=https:\/\/canlibahistahminlerim.com\/61091-2\/\" target=\"_blank\" class=\" wd-social-icon social-twitter\" aria-label=\"X social link\">\n\t\t\t\t\t\t<span class=\"wd-icon\"><\/span>\n\t\t\t\t\t\t\t\t\t\t\t<\/a>\n\t\t\t\t\n\t\t\t\t\n\t\t\t\t\n\t\t\t\t\n\t\t\t\t\t\t\t\t\t<a rel=\"noopener noreferrer nofollow\" href=\"https:\/\/pinterest.com\/pin\/create\/button\/?url=https:\/\/canlibahistahminlerim.com\/61091-2\/&media=https:\/\/canlibahistahminlerim.com\/wp-content\/uploads\/2023\/12\/Ronaldodan-Marcelonun-Ogluna-Surpriz-Hediye.jpg&description=RONALDO%26%238217%3BDAN+MARCELO%26%238217%3BNUN+O%C4%9ELUNA+S%C3%9CRPR%C4%B0Z+HED%C4%B0YE\" target=\"_blank\" class=\" wd-social-icon social-pinterest\" aria-label=\"Pinterest sosyal ba\u011flant\u0131s\u0131\">\n\t\t\t\t\t\t<span class=\"wd-icon\"><\/span>\n\t\t\t\t\t\t\t\t\t\t\t<\/a>\n\t\t\t\t\n\t\t\t\t\n\t\t\t\t\n\t\t\t\t\n\t\t\t\t\n\t\t\t\t\n\t\t\t\t\n\t\t\t\t\n\t\t\t\t\n\t\t\t\t\n\t\t\t\t\n\t\t\t\t\t\t\t\t\t<a rel=\"noopener noreferrer nofollow\" href=\"https:\/\/api.whatsapp.com\/send?text=https%3A%2F%2Fcanlibahistahminlerim.com%2F61091-2%2F\" target=\"_blank\" class=\"whatsapp-desktop  wd-social-icon social-whatsapp\" aria-label=\"WhatsApp sosyal ba\u011flant\u0131s\u0131\">\n\t\t\t\t\t\t<span class=\"wd-icon\"><\/span>\n\t\t\t\t\t\t\t\t\t\t\t<\/a>\n\t\t\t\t\t\n\t\t\t\t\t<a rel=\"noopener noreferrer nofollow\" href=\"whatsapp:\/\/send?text=https%3A%2F%2Fcanlibahistahminlerim.com%2F61091-2%2F\" target=\"_blank\" class=\"whatsapp-mobile  wd-social-icon social-whatsapp\" aria-label=\"WhatsApp sosyal ba\u011flant\u0131s\u0131\">\n\t\t\t\t\t\t<span class=\"wd-icon\"><\/span>\n\t\t\t\t\t\t\t\t\t\t\t<\/a>\n\t\t\t\t\n\t\t\t\t\t\t\t\t\n\t\t\t\t\t\t\t\t\n\t\t\t\t\n\t\t\t\t\n\t\t\t\t\t\t\t\t\t<a rel=\"noopener noreferrer nofollow\" href=\"https:\/\/telegram.me\/share\/url?url=https:\/\/canlibahistahminlerim.com\/61091-2\/\" target=\"_blank\" class=\" wd-social-icon social-tg\" aria-label=\"Telegram sosyal medya linki\">\n\t\t\t\t\t\t<span class=\"wd-icon\"><\/span>\n\t\t\t\t\t\t\t\t\t\t\t<\/a>\n\t\t\t\t\t\t\t\t\n\t\t\t\t\n\t\t\t<\/div>\n\n\t\t\t\t\t\t\t\t\t<\/div>\n\t\t\t\t\t\t<\/div>\n\t\t\t\t\t\t\t\t\t\t\t\t\n\t\t\t\t\t\t\t\n\t\t\t\t                    <div class=\"entry-content wd-entry-content\">\n\t\t\t\t\t\tRonaldo Real Madrid\u2019den tak\u0131m arkada\u015f\u0131 ve yak\u0131n dostu olan Marcelo\u2019nun...\n\t\t\t\t\t\t\t\t\t\t\t<\/div><!-- .entry-content -->\n\t\t\t\t\n\t\t\t\t\t\t\t\t\t\t\t\t\t\t<p class=\"read-more-section\">\n\t\t\t\t\t\t<a class=\"btn-read-more more-link\" href=\"https:\/\/canlibahistahminlerim.com\/61091-2\/\">Okumaya devam et<\/a>\t\t\t\t\t<\/p>\n\t\t\t\t\t\t\t\t\t\t\t\n\t\t\t\n\t\t\t\t\t<\/div>\n\t<\/div>\n<\/article><!-- #post -->\n\n\n\t\t\t\t\t\t\t\t\t\t\t\n<article id=\"post-61084\" class=\"wd-post blog-design-masonry blog-post-loop blog-style-bg wd-add-shadow wd-col post-61084 post type-post status-publish format-standard has-post-thumbnail hentry category-guncel-spor-haberleri category-futbol category-spor-haberleri tag-sacha-boey-mi-ferdi-kadioglu-mu-super-ligin-en-degerli-ismi-belli-oldu\">\n\t<div class=\"article-inner\">\n\t\t\t\t\t<header class=\"entry-header\">\n\t\t\t\t\t\t\t\t\t<figure id=\"carousel-277\" class=\"entry-thumbnail\">\n\t\t\t\t\t\t\n\t\t\t\t\t\t\t<div class=\"post-img-wrapp\">\n\t\t\t\t\t\t\t\t<a href=\"https:\/\/canlibahistahminlerim.com\/sacha-boey-mi-ferdi-kadioglu-mu-super-ligin-en-degerli-ismi-belli-oldu\/\">\n\t\t\t\t\t\t\t\t\t<img width=\"1300\" height=\"731\" src=\"https:\/\/canlibahistahminlerim.com\/wp-content\/uploads\/2023\/12\/Sacha-Boey-Mi-Ferdi-Kadioglu-mu-Super-Ligin-En-Degerli-Ismi-Belli-Oldu-1300x731.jpg\" class=\"attachment-large size-large\" alt=\"Sacha Boey Mi Ferdi Kad\u0131o\u011flu mu S\u00fcper Ligin En De\u011ferli \u0130smi Belli Oldu\" decoding=\"async\" srcset=\"https:\/\/canlibahistahminlerim.com\/wp-content\/uploads\/2023\/12\/Sacha-Boey-Mi-Ferdi-Kadioglu-mu-Super-Ligin-En-Degerli-Ismi-Belli-Oldu-1300x731.jpg 1300w, https:\/\/canlibahistahminlerim.com\/wp-content\/uploads\/2023\/12\/Sacha-Boey-Mi-Ferdi-Kadioglu-mu-Super-Ligin-En-Degerli-Ismi-Belli-Oldu-400x225.jpg 400w, https:\/\/canlibahistahminlerim.com\/wp-content\/uploads\/2023\/12\/Sacha-Boey-Mi-Ferdi-Kadioglu-mu-Super-Ligin-En-Degerli-Ismi-Belli-Oldu-768x432.jpg 768w, https:\/\/canlibahistahminlerim.com\/wp-content\/uploads\/2023\/12\/Sacha-Boey-Mi-Ferdi-Kadioglu-mu-Super-Ligin-En-Degerli-Ismi-Belli-Oldu-1536x864.jpg 1536w, https:\/\/canlibahistahminlerim.com\/wp-content\/uploads\/2023\/12\/Sacha-Boey-Mi-Ferdi-Kadioglu-mu-Super-Ligin-En-Degerli-Ismi-Belli-Oldu.jpg 1920w\" sizes=\"(max-width: 1300px) 100vw, 1300px\" \/>\t\t\t\t\t\t\t\t<\/a>\n\t\t\t\t\t\t\t<\/div>\n\t\t\t\t\t\t\t<div class=\"post-image-mask\">\n\t\t\t\t\t\t\t\t<span><\/span>\n\t\t\t\t\t\t\t<\/div>\n\n\t\t\t\t\t\t\n\t\t\t\t\t<\/figure>\n\t\t\t\t\n\t\t\t\t\t\t\t\t\t\t\t\t<div class=\"post-date wd-post-date wd-style-with-bg\">\n\t\t\t\t<span class=\"post-date-day\">\n\t\t\t\t\t27\t\t\t\t<\/span>\n\t\t\t\t<span class=\"post-date-month\">\n\t\t\t\t\tAra\t\t\t\t<\/span>\n\t\t\t<\/div>\n\t\t\t\t\t\t\n\t\t\t<\/header><!-- .entry-header -->\n\n\t\t<div class=\"article-body-container\">\n\t\t\t\n\t\t\t\t\t\t\t\t\t<div class=\"meta-categories-wrapp\"><div class=\"meta-post-categories wd-post-cat wd-style-with-bg\"><a href=\"https:\/\/canlibahistahminlerim.com\/guncel-spor-haberleri\/\" rel=\"category tag\">G\u00dcNCEL SPOR HABERLER\u0130<\/a>, <a href=\"https:\/\/canlibahistahminlerim.com\/spor-haberleri\/futbol\/\" rel=\"category tag\">Futbol<\/a>, <a href=\"https:\/\/canlibahistahminlerim.com\/spor-haberleri\/\" rel=\"category tag\">Spor Haberleri<\/a><\/div><\/div>\n\t\t\t\t\n\t\t\t\t\t\t\t\t\t<h3 class=\"wd-entities-title title post-title\">\n\t\t\t\t\t\t<a href=\"https:\/\/canlibahistahminlerim.com\/sacha-boey-mi-ferdi-kadioglu-mu-super-ligin-en-degerli-ismi-belli-oldu\/\" rel=\"bookmark\">Sacha Boey Mi Ferdi Kad\u0131o\u011flu mu S\u00fcper Ligin En De\u011ferli \u0130smi Belli Oldu<\/a>\n\t\t\t\t\t<\/h3>\n\t\t\t\t\n\t\t\t\t\t\t\t\t\t<div class=\"entry-meta wd-entry-meta\">\n\t\t\t\t\t\t\t\t\t<ul class=\"entry-meta-list\">\n\t\t\t\t\t\t\t\t\t<li class=\"modified-date\">\n\t\t\t\t\t\t\t\t<time class=\"updated\" datetime=\"2023-12-27T03:09:52+03:00\">\n\t\t\t27 Aral\u0131k 2023\t\t<\/time>\n\t\t\t\t\t\t\t<\/li>\n\n\t\t\t\t\t\n\t\t\t\t\t\t\t\t\t\t\t<li class=\"meta-author\">\n\t\t\t\t\t\t\t\t\t\t\t\t<span>Taraf\u0131ndan<\/span>\n\t\t\n\t\t\t\t\t<img alt='author-avatar' src='https:\/\/secure.gravatar.com\/avatar\/7425033c41e2dfed89ffe1cc678c2a73?s=32&#038;d=mm&#038;r=g' srcset='https:\/\/secure.gravatar.com\/avatar\/7425033c41e2dfed89ffe1cc678c2a73?s=64&#038;d=mm&#038;r=g 2x' class='avatar avatar-32 photo' height='32' width='32' decoding='async'\/>\t\t\n\t\t<a href=\"https:\/\/canlibahistahminlerim.com\/author\/admin\/\" rel=\"author\">\n\t\t\t<span class=\"vcard author author_name\">\n\t\t\t\t<span class=\"fn\">BNSEO<\/span>\n\t\t\t<\/span>\n\t\t<\/a>\n\t\t\t\t\t\t\t\t<\/li>\n\t\t\t\t\t\n\t\t\t\t\t\n\t\t\t\t\t\t\t\t\t\t\t<li class=\"meta-reply\">\n\t\t\t\t\t\t\t<a href=\"https:\/\/canlibahistahminlerim.com\/sacha-boey-mi-ferdi-kadioglu-mu-super-ligin-en-degerli-ismi-belli-oldu\/#respond\"><span class=\"replies-count\">0<\/span> <span class=\"replies-count-label\">yorumlar<\/span><\/a>\t\t\t\t\t\t<\/li>\n\t\t\t\t\t\t\t\t\t\t\t\t<\/ul>\n\t\t\t\t\t\t\t<\/div><!-- .entry-meta -->\n\t\t\t\t\t\t\t\t\t\t\t<div class=\"hovered-social-icons wd-tltp wd-tltp-top\">\n\t\t\t\t\t\t\t<div class=\"wd-tooltip-label\">\n\t\t\t\t\t\t\t\t\n\t\t\t<div class=\" wd-social-icons icons-design-default icons-size-small color-scheme-light social-share social-form-circle text-center\">\n\n\t\t\t\t\n\t\t\t\t\t\t\t\t\t<a rel=\"noopener noreferrer nofollow\" href=\"https:\/\/www.facebook.com\/sharer\/sharer.php?u=https:\/\/canlibahistahminlerim.com\/sacha-boey-mi-ferdi-kadioglu-mu-super-ligin-en-degerli-ismi-belli-oldu\/\" target=\"_blank\" class=\" wd-social-icon social-facebook\" aria-label=\"Facebook sosyal ba\u011flant\u0131s\u0131\">\n\t\t\t\t\t\t<span class=\"wd-icon\"><\/span>\n\t\t\t\t\t\t\t\t\t\t\t<\/a>\n\t\t\t\t\n\t\t\t\t\t\t\t\t\t<a rel=\"noopener noreferrer nofollow\" href=\"https:\/\/x.com\/share?url=https:\/\/canlibahistahminlerim.com\/sacha-boey-mi-ferdi-kadioglu-mu-super-ligin-en-degerli-ismi-belli-oldu\/\" target=\"_blank\" class=\" wd-social-icon social-twitter\" aria-label=\"X social link\">\n\t\t\t\t\t\t<span class=\"wd-icon\"><\/span>\n\t\t\t\t\t\t\t\t\t\t\t<\/a>\n\t\t\t\t\n\t\t\t\t\n\t\t\t\t\n\t\t\t\t\n\t\t\t\t\t\t\t\t\t<a rel=\"noopener noreferrer nofollow\" href=\"https:\/\/pinterest.com\/pin\/create\/button\/?url=https:\/\/canlibahistahminlerim.com\/sacha-boey-mi-ferdi-kadioglu-mu-super-ligin-en-degerli-ismi-belli-oldu\/&media=https:\/\/canlibahistahminlerim.com\/wp-content\/uploads\/2023\/12\/Sacha-Boey-Mi-Ferdi-Kadioglu-mu-Super-Ligin-En-Degerli-Ismi-Belli-Oldu.jpg&description=Sacha+Boey+Mi+Ferdi+Kad%C4%B1o%C4%9Flu+mu+S%C3%BCper+Ligin+En+De%C4%9Ferli+%C4%B0smi+Belli+Oldu\" target=\"_blank\" class=\" wd-social-icon social-pinterest\" aria-label=\"Pinterest sosyal ba\u011flant\u0131s\u0131\">\n\t\t\t\t\t\t<span class=\"wd-icon\"><\/span>\n\t\t\t\t\t\t\t\t\t\t\t<\/a>\n\t\t\t\t\n\t\t\t\t\n\t\t\t\t\n\t\t\t\t\n\t\t\t\t\n\t\t\t\t\n\t\t\t\t\n\t\t\t\t\n\t\t\t\t\n\t\t\t\t\n\t\t\t\t\n\t\t\t\t\t\t\t\t\t<a rel=\"noopener noreferrer nofollow\" href=\"https:\/\/api.whatsapp.com\/send?text=https%3A%2F%2Fcanlibahistahminlerim.com%2Fsacha-boey-mi-ferdi-kadioglu-mu-super-ligin-en-degerli-ismi-belli-oldu%2F\" target=\"_blank\" class=\"whatsapp-desktop  wd-social-icon social-whatsapp\" aria-label=\"WhatsApp sosyal ba\u011flant\u0131s\u0131\">\n\t\t\t\t\t\t<span class=\"wd-icon\"><\/span>\n\t\t\t\t\t\t\t\t\t\t\t<\/a>\n\t\t\t\t\t\n\t\t\t\t\t<a rel=\"noopener noreferrer nofollow\" href=\"whatsapp:\/\/send?text=https%3A%2F%2Fcanlibahistahminlerim.com%2Fsacha-boey-mi-ferdi-kadioglu-mu-super-ligin-en-degerli-ismi-belli-oldu%2F\" target=\"_blank\" class=\"whatsapp-mobile  wd-social-icon social-whatsapp\" aria-label=\"WhatsApp sosyal ba\u011flant\u0131s\u0131\">\n\t\t\t\t\t\t<span class=\"wd-icon\"><\/span>\n\t\t\t\t\t\t\t\t\t\t\t<\/a>\n\t\t\t\t\n\t\t\t\t\t\t\t\t\n\t\t\t\t\t\t\t\t\n\t\t\t\t\n\t\t\t\t\n\t\t\t\t\t\t\t\t\t<a rel=\"noopener noreferrer nofollow\" href=\"https:\/\/telegram.me\/share\/url?url=https:\/\/canlibahistahminlerim.com\/sacha-boey-mi-ferdi-kadioglu-mu-super-ligin-en-degerli-ismi-belli-oldu\/\" target=\"_blank\" class=\" wd-social-icon social-tg\" aria-label=\"Telegram sosyal medya linki\">\n\t\t\t\t\t\t<span class=\"wd-icon\"><\/span>\n\t\t\t\t\t\t\t\t\t\t\t<\/a>\n\t\t\t\t\t\t\t\t\n\t\t\t\t\n\t\t\t<\/div>\n\n\t\t\t\t\t\t\t\t\t<\/div>\n\t\t\t\t\t\t<\/div>\n\t\t\t\t\t\t\t\t\t\t\t\t\n\t\t\t\t\t\t\t\n\t\t\t\t                    <div class=\"entry-content wd-entry-content\">\n\t\t\t\t\t\tTrendyol S\u00fcper Lig\u2019de yeni futbolcu de\u011ferleri transfer market verilerine g\u00f6re...\n\t\t\t\t\t\t\t\t\t\t\t<\/div><!-- .entry-content -->\n\t\t\t\t\n\t\t\t\t\t\t\t\t\t\t\t\t\t\t<p class=\"read-more-section\">\n\t\t\t\t\t\t<a class=\"btn-read-more more-link\" href=\"https:\/\/canlibahistahminlerim.com\/sacha-boey-mi-ferdi-kadioglu-mu-super-ligin-en-degerli-ismi-belli-oldu\/\">Okumaya devam et<\/a>\t\t\t\t\t<\/p>\n\t\t\t\t\t\t\t\t\t\t\t\n\t\t\t\n\t\t\t\t\t<\/div>\n\t<\/div>\n<\/article><!-- #post -->\n\n\n\t\t\t\t\t\t\t\t\t\t\t\n<article id=\"post-61079\" class=\"wd-post blog-design-masonry blog-post-loop blog-style-bg wd-add-shadow wd-col post-61079 post type-post status-publish format-standard has-post-thumbnail hentry category-guncel-spor-haberleri category-futbol category-spor-haberleri tag-besiktasin-yusuf-sari-israri\">\n\t<div class=\"article-inner\">\n\t\t\t\t\t<header class=\"entry-header\">\n\t\t\t\t\t\t\t\t\t<figure id=\"carousel-198\" class=\"entry-thumbnail\">\n\t\t\t\t\t\t\n\t\t\t\t\t\t\t<div class=\"post-img-wrapp\">\n\t\t\t\t\t\t\t\t<a href=\"https:\/\/canlibahistahminlerim.com\/besiktasin-yusuf-sari-israri\/\">\n\t\t\t\t\t\t\t\t\t<img width=\"1300\" height=\"731\" src=\"https:\/\/canlibahistahminlerim.com\/wp-content\/uploads\/2023\/12\/Besiktasin-Yusuf-Sari-Israri-1300x731.jpg\" class=\"attachment-large size-large\" alt=\"Be\u015fikta\u015f&#039;\u0131n Yusuf Sar\u0131 Israr\u0131\" decoding=\"async\" srcset=\"https:\/\/canlibahistahminlerim.com\/wp-content\/uploads\/2023\/12\/Besiktasin-Yusuf-Sari-Israri-1300x731.jpg 1300w, https:\/\/canlibahistahminlerim.com\/wp-content\/uploads\/2023\/12\/Besiktasin-Yusuf-Sari-Israri-400x225.jpg 400w, https:\/\/canlibahistahminlerim.com\/wp-content\/uploads\/2023\/12\/Besiktasin-Yusuf-Sari-Israri-768x432.jpg 768w, https:\/\/canlibahistahminlerim.com\/wp-content\/uploads\/2023\/12\/Besiktasin-Yusuf-Sari-Israri-1536x864.jpg 1536w, https:\/\/canlibahistahminlerim.com\/wp-content\/uploads\/2023\/12\/Besiktasin-Yusuf-Sari-Israri.jpg 1920w\" sizes=\"(max-width: 1300px) 100vw, 1300px\" \/>\t\t\t\t\t\t\t\t<\/a>\n\t\t\t\t\t\t\t<\/div>\n\t\t\t\t\t\t\t<div class=\"post-image-mask\">\n\t\t\t\t\t\t\t\t<span><\/span>\n\t\t\t\t\t\t\t<\/div>\n\n\t\t\t\t\t\t\n\t\t\t\t\t<\/figure>\n\t\t\t\t\n\t\t\t\t\t\t\t\t\t\t\t\t<div class=\"post-date wd-post-date wd-style-with-bg\">\n\t\t\t\t<span class=\"post-date-day\">\n\t\t\t\t\t27\t\t\t\t<\/span>\n\t\t\t\t<span class=\"post-date-month\">\n\t\t\t\t\tAra\t\t\t\t<\/span>\n\t\t\t<\/div>\n\t\t\t\t\t\t\n\t\t\t<\/header><!-- .entry-header -->\n\n\t\t<div class=\"article-body-container\">\n\t\t\t\n\t\t\t\t\t\t\t\t\t<div class=\"meta-categories-wrapp\"><div class=\"meta-post-categories wd-post-cat wd-style-with-bg\"><a href=\"https:\/\/canlibahistahminlerim.com\/guncel-spor-haberleri\/\" rel=\"category tag\">G\u00dcNCEL SPOR HABERLER\u0130<\/a>, <a href=\"https:\/\/canlibahistahminlerim.com\/spor-haberleri\/futbol\/\" rel=\"category tag\">Futbol<\/a>, <a href=\"https:\/\/canlibahistahminlerim.com\/spor-haberleri\/\" rel=\"category tag\">Spor Haberleri<\/a><\/div><\/div>\n\t\t\t\t\n\t\t\t\t\t\t\t\t\t<h3 class=\"wd-entities-title title post-title\">\n\t\t\t\t\t\t<a href=\"https:\/\/canlibahistahminlerim.com\/besiktasin-yusuf-sari-israri\/\" rel=\"bookmark\">Be\u015fikta\u015f&#8217;\u0131n Yusuf Sar\u0131 Israr\u0131<\/a>\n\t\t\t\t\t<\/h3>\n\t\t\t\t\n\t\t\t\t\t\t\t\t\t<div class=\"entry-meta wd-entry-meta\">\n\t\t\t\t\t\t\t\t\t<ul class=\"entry-meta-list\">\n\t\t\t\t\t\t\t\t\t<li class=\"modified-date\">\n\t\t\t\t\t\t\t\t<time class=\"updated\" datetime=\"2023-12-27T03:08:01+03:00\">\n\t\t\t27 Aral\u0131k 2023\t\t<\/time>\n\t\t\t\t\t\t\t<\/li>\n\n\t\t\t\t\t\n\t\t\t\t\t\t\t\t\t\t\t<li class=\"meta-author\">\n\t\t\t\t\t\t\t\t\t\t\t\t<span>Taraf\u0131ndan<\/span>\n\t\t\n\t\t\t\t\t<img alt='author-avatar' src='https:\/\/secure.gravatar.com\/avatar\/7425033c41e2dfed89ffe1cc678c2a73?s=32&#038;d=mm&#038;r=g' srcset='https:\/\/secure.gravatar.com\/avatar\/7425033c41e2dfed89ffe1cc678c2a73?s=64&#038;d=mm&#038;r=g 2x' class='avatar avatar-32 photo' height='32' width='32' decoding='async'\/>\t\t\n\t\t<a href=\"https:\/\/canlibahistahminlerim.com\/author\/admin\/\" rel=\"author\">\n\t\t\t<span class=\"vcard author author_name\">\n\t\t\t\t<span class=\"fn\">BNSEO<\/span>\n\t\t\t<\/span>\n\t\t<\/a>\n\t\t\t\t\t\t\t\t<\/li>\n\t\t\t\t\t\n\t\t\t\t\t\n\t\t\t\t\t\t\t\t\t\t\t<li class=\"meta-reply\">\n\t\t\t\t\t\t\t<a href=\"https:\/\/canlibahistahminlerim.com\/besiktasin-yusuf-sari-israri\/#respond\"><span class=\"replies-count\">0<\/span> <span class=\"replies-count-label\">yorumlar<\/span><\/a>\t\t\t\t\t\t<\/li>\n\t\t\t\t\t\t\t\t\t\t\t\t<\/ul>\n\t\t\t\t\t\t\t<\/div><!-- .entry-meta -->\n\t\t\t\t\t\t\t\t\t\t\t<div class=\"hovered-social-icons wd-tltp wd-tltp-top\">\n\t\t\t\t\t\t\t<div class=\"wd-tooltip-label\">\n\t\t\t\t\t\t\t\t\n\t\t\t<div class=\" wd-social-icons icons-design-default icons-size-small color-scheme-light social-share social-form-circle text-center\">\n\n\t\t\t\t\n\t\t\t\t\t\t\t\t\t<a rel=\"noopener noreferrer nofollow\" href=\"https:\/\/www.facebook.com\/sharer\/sharer.php?u=https:\/\/canlibahistahminlerim.com\/besiktasin-yusuf-sari-israri\/\" target=\"_blank\" class=\" wd-social-icon social-facebook\" aria-label=\"Facebook sosyal ba\u011flant\u0131s\u0131\">\n\t\t\t\t\t\t<span class=\"wd-icon\"><\/span>\n\t\t\t\t\t\t\t\t\t\t\t<\/a>\n\t\t\t\t\n\t\t\t\t\t\t\t\t\t<a rel=\"noopener noreferrer nofollow\" href=\"https:\/\/x.com\/share?url=https:\/\/canlibahistahminlerim.com\/besiktasin-yusuf-sari-israri\/\" target=\"_blank\" class=\" wd-social-icon social-twitter\" aria-label=\"X social link\">\n\t\t\t\t\t\t<span class=\"wd-icon\"><\/span>\n\t\t\t\t\t\t\t\t\t\t\t<\/a>\n\t\t\t\t\n\t\t\t\t\n\t\t\t\t\n\t\t\t\t\n\t\t\t\t\t\t\t\t\t<a rel=\"noopener noreferrer nofollow\" href=\"https:\/\/pinterest.com\/pin\/create\/button\/?url=https:\/\/canlibahistahminlerim.com\/besiktasin-yusuf-sari-israri\/&media=https:\/\/canlibahistahminlerim.com\/wp-content\/uploads\/2023\/12\/Besiktasin-Yusuf-Sari-Israri.jpg&description=Be%C5%9Fikta%C5%9F%26%238217%3B%C4%B1n+Yusuf+Sar%C4%B1+Israr%C4%B1\" target=\"_blank\" class=\" wd-social-icon social-pinterest\" aria-label=\"Pinterest sosyal ba\u011flant\u0131s\u0131\">\n\t\t\t\t\t\t<span class=\"wd-icon\"><\/span>\n\t\t\t\t\t\t\t\t\t\t\t<\/a>\n\t\t\t\t\n\t\t\t\t\n\t\t\t\t\n\t\t\t\t\n\t\t\t\t\n\t\t\t\t\n\t\t\t\t\n\t\t\t\t\n\t\t\t\t\n\t\t\t\t\n\t\t\t\t\n\t\t\t\t\t\t\t\t\t<a rel=\"noopener noreferrer nofollow\" href=\"https:\/\/api.whatsapp.com\/send?text=https%3A%2F%2Fcanlibahistahminlerim.com%2Fbesiktasin-yusuf-sari-israri%2F\" target=\"_blank\" class=\"whatsapp-desktop  wd-social-icon social-whatsapp\" aria-label=\"WhatsApp sosyal ba\u011flant\u0131s\u0131\">\n\t\t\t\t\t\t<span class=\"wd-icon\"><\/span>\n\t\t\t\t\t\t\t\t\t\t\t<\/a>\n\t\t\t\t\t\n\t\t\t\t\t<a rel=\"noopener noreferrer nofollow\" href=\"whatsapp:\/\/send?text=https%3A%2F%2Fcanlibahistahminlerim.com%2Fbesiktasin-yusuf-sari-israri%2F\" target=\"_blank\" class=\"whatsapp-mobile  wd-social-icon social-whatsapp\" aria-label=\"WhatsApp sosyal ba\u011flant\u0131s\u0131\">\n\t\t\t\t\t\t<span class=\"wd-icon\"><\/span>\n\t\t\t\t\t\t\t\t\t\t\t<\/a>\n\t\t\t\t\n\t\t\t\t\t\t\t\t\n\t\t\t\t\t\t\t\t\n\t\t\t\t\n\t\t\t\t\n\t\t\t\t\t\t\t\t\t<a rel=\"noopener noreferrer nofollow\" href=\"https:\/\/telegram.me\/share\/url?url=https:\/\/canlibahistahminlerim.com\/besiktasin-yusuf-sari-israri\/\" target=\"_blank\" class=\" wd-social-icon social-tg\" aria-label=\"Telegram sosyal medya linki\">\n\t\t\t\t\t\t<span class=\"wd-icon\"><\/span>\n\t\t\t\t\t\t\t\t\t\t\t<\/a>\n\t\t\t\t\t\t\t\t\n\t\t\t\t\n\t\t\t<\/div>\n\n\t\t\t\t\t\t\t\t\t<\/div>\n\t\t\t\t\t\t<\/div>\n\t\t\t\t\t\t\t\t\t\t\t\t\n\t\t\t\t\t\t\t\n\t\t\t\t                    <div class=\"entry-content wd-entry-content\">\n\t\t\t\t\t\tBe\u015fikta\u015f\u2019ta s\u0131k\u0131nt\u0131l\u0131 g\u00fcnler ya\u015fan\u0131rken ara transfer d\u00f6nemi haz\u0131rl\u0131klar\u0131 devam ediyor....\n\t\t\t\t\t\t\t\t\t\t\t<\/div><!-- .entry-content -->\n\t\t\t\t\n\t\t\t\t\t\t\t\t\t\t\t\t\t\t<p class=\"read-more-section\">\n\t\t\t\t\t\t<a class=\"btn-read-more more-link\" href=\"https:\/\/canlibahistahminlerim.com\/besiktasin-yusuf-sari-israri\/\">Okumaya devam et<\/a>\t\t\t\t\t<\/p>\n\t\t\t\t\t\t\t\t\t\t\t\n\t\t\t\n\t\t\t\t\t<\/div>\n\t<\/div>\n<\/article><!-- #post -->\n\n\n\t\t\t\t\t\t\t\t\t\t\t\n<article id=\"post-60822\" class=\"wd-post blog-design-masonry blog-post-loop blog-style-bg wd-add-shadow wd-col post-60822 post type-post status-publish format-standard has-post-thumbnail hentry category-guncel-spor-haberleri category-futbol category-genel category-spor-haberleri tag-euro-2032-sampiyonasi-turkiyeden-alinabilir\">\n\t<div class=\"article-inner\">\n\t\t\t\t\t<header class=\"entry-header\">\n\t\t\t\t\t\t\t\t\t<figure id=\"carousel-265\" class=\"entry-thumbnail\">\n\t\t\t\t\t\t\n\t\t\t\t\t\t\t<div class=\"post-img-wrapp\">\n\t\t\t\t\t\t\t\t<a href=\"https:\/\/canlibahistahminlerim.com\/euro-2032-sampiyonasi-turkiyeden-alinabilir\/\">\n\t\t\t\t\t\t\t\t\t<img width=\"1300\" height=\"731\" src=\"https:\/\/canlibahistahminlerim.com\/wp-content\/uploads\/2023\/12\/Euro2032-Sampiyonasi-Turkiyeden-Alinabilir-1300x731.jpg\" class=\"attachment-large size-large\" alt=\"Euro 2032 \u015eampiyonas\u0131 T\u00fcrkiye\u2019den Al\u0131nabilir!\" decoding=\"async\" srcset=\"https:\/\/canlibahistahminlerim.com\/wp-content\/uploads\/2023\/12\/Euro2032-Sampiyonasi-Turkiyeden-Alinabilir-1300x731.jpg 1300w, https:\/\/canlibahistahminlerim.com\/wp-content\/uploads\/2023\/12\/Euro2032-Sampiyonasi-Turkiyeden-Alinabilir-400x225.jpg 400w, https:\/\/canlibahistahminlerim.com\/wp-content\/uploads\/2023\/12\/Euro2032-Sampiyonasi-Turkiyeden-Alinabilir-768x432.jpg 768w, https:\/\/canlibahistahminlerim.com\/wp-content\/uploads\/2023\/12\/Euro2032-Sampiyonasi-Turkiyeden-Alinabilir-1536x864.jpg 1536w, https:\/\/canlibahistahminlerim.com\/wp-content\/uploads\/2023\/12\/Euro2032-Sampiyonasi-Turkiyeden-Alinabilir.jpg 1920w\" sizes=\"(max-width: 1300px) 100vw, 1300px\" \/>\t\t\t\t\t\t\t\t<\/a>\n\t\t\t\t\t\t\t<\/div>\n\t\t\t\t\t\t\t<div class=\"post-image-mask\">\n\t\t\t\t\t\t\t\t<span><\/span>\n\t\t\t\t\t\t\t<\/div>\n\n\t\t\t\t\t\t\n\t\t\t\t\t<\/figure>\n\t\t\t\t\n\t\t\t\t\t\t\t\t\t\t\t\t<div class=\"post-date wd-post-date wd-style-with-bg\">\n\t\t\t\t<span class=\"post-date-day\">\n\t\t\t\t\t12\t\t\t\t<\/span>\n\t\t\t\t<span class=\"post-date-month\">\n\t\t\t\t\tAra\t\t\t\t<\/span>\n\t\t\t<\/div>\n\t\t\t\t\t\t\n\t\t\t<\/header><!-- .entry-header -->\n\n\t\t<div class=\"article-body-container\">\n\t\t\t\n\t\t\t\t\t\t\t\t\t<div class=\"meta-categories-wrapp\"><div class=\"meta-post-categories wd-post-cat wd-style-with-bg\"><a href=\"https:\/\/canlibahistahminlerim.com\/guncel-spor-haberleri\/\" rel=\"category tag\">G\u00dcNCEL SPOR HABERLER\u0130<\/a>, <a href=\"https:\/\/canlibahistahminlerim.com\/spor-haberleri\/futbol\/\" rel=\"category tag\">Futbol<\/a>, <a href=\"https:\/\/canlibahistahminlerim.com\/genel\/\" rel=\"category tag\">Genel<\/a>, <a href=\"https:\/\/canlibahistahminlerim.com\/spor-haberleri\/\" rel=\"category tag\">Spor Haberleri<\/a><\/div><\/div>\n\t\t\t\t\n\t\t\t\t\t\t\t\t\t<h3 class=\"wd-entities-title title post-title\">\n\t\t\t\t\t\t<a href=\"https:\/\/canlibahistahminlerim.com\/euro-2032-sampiyonasi-turkiyeden-alinabilir\/\" rel=\"bookmark\">Euro 2032 \u015eampiyonas\u0131 T\u00fcrkiye\u2019den Al\u0131nabilir!<\/a>\n\t\t\t\t\t<\/h3>\n\t\t\t\t\n\t\t\t\t\t\t\t\t\t<div class=\"entry-meta wd-entry-meta\">\n\t\t\t\t\t\t\t\t\t<ul class=\"entry-meta-list\">\n\t\t\t\t\t\t\t\t\t<li class=\"modified-date\">\n\t\t\t\t\t\t\t\t<time class=\"updated\" datetime=\"2023-12-12T02:00:56+03:00\">\n\t\t\t12 Aral\u0131k 2023\t\t<\/time>\n\t\t\t\t\t\t\t<\/li>\n\n\t\t\t\t\t\n\t\t\t\t\t\t\t\t\t\t\t<li class=\"meta-author\">\n\t\t\t\t\t\t\t\t\t\t\t\t<span>Taraf\u0131ndan<\/span>\n\t\t\n\t\t\t\t\t<img alt='author-avatar' src='https:\/\/secure.gravatar.com\/avatar\/7425033c41e2dfed89ffe1cc678c2a73?s=32&#038;d=mm&#038;r=g' srcset='https:\/\/secure.gravatar.com\/avatar\/7425033c41e2dfed89ffe1cc678c2a73?s=64&#038;d=mm&#038;r=g 2x' class='avatar avatar-32 photo' height='32' width='32' decoding='async'\/>\t\t\n\t\t<a href=\"https:\/\/canlibahistahminlerim.com\/author\/admin\/\" rel=\"author\">\n\t\t\t<span class=\"vcard author author_name\">\n\t\t\t\t<span class=\"fn\">BNSEO<\/span>\n\t\t\t<\/span>\n\t\t<\/a>\n\t\t\t\t\t\t\t\t<\/li>\n\t\t\t\t\t\n\t\t\t\t\t\n\t\t\t\t\t\t\t\t\t\t\t<li class=\"meta-reply\">\n\t\t\t\t\t\t\t<a href=\"https:\/\/canlibahistahminlerim.com\/euro-2032-sampiyonasi-turkiyeden-alinabilir\/#respond\"><span class=\"replies-count\">0<\/span> <span class=\"replies-count-label\">yorumlar<\/span><\/a>\t\t\t\t\t\t<\/li>\n\t\t\t\t\t\t\t\t\t\t\t\t<\/ul>\n\t\t\t\t\t\t\t<\/div><!-- .entry-meta -->\n\t\t\t\t\t\t\t\t\t\t\t<div class=\"hovered-social-icons wd-tltp wd-tltp-top\">\n\t\t\t\t\t\t\t<div class=\"wd-tooltip-label\">\n\t\t\t\t\t\t\t\t\n\t\t\t<div class=\" wd-social-icons icons-design-default icons-size-small color-scheme-light social-share social-form-circle text-center\">\n\n\t\t\t\t\n\t\t\t\t\t\t\t\t\t<a rel=\"noopener noreferrer nofollow\" href=\"https:\/\/www.facebook.com\/sharer\/sharer.php?u=https:\/\/canlibahistahminlerim.com\/euro-2032-sampiyonasi-turkiyeden-alinabilir\/\" target=\"_blank\" class=\" wd-social-icon social-facebook\" aria-label=\"Facebook sosyal ba\u011flant\u0131s\u0131\">\n\t\t\t\t\t\t<span class=\"wd-icon\"><\/span>\n\t\t\t\t\t\t\t\t\t\t\t<\/a>\n\t\t\t\t\n\t\t\t\t\t\t\t\t\t<a rel=\"noopener noreferrer nofollow\" href=\"https:\/\/x.com\/share?url=https:\/\/canlibahistahminlerim.com\/euro-2032-sampiyonasi-turkiyeden-alinabilir\/\" target=\"_blank\" class=\" wd-social-icon social-twitter\" aria-label=\"X social link\">\n\t\t\t\t\t\t<span class=\"wd-icon\"><\/span>\n\t\t\t\t\t\t\t\t\t\t\t<\/a>\n\t\t\t\t\n\t\t\t\t\n\t\t\t\t\n\t\t\t\t\n\t\t\t\t\t\t\t\t\t<a rel=\"noopener noreferrer nofollow\" href=\"https:\/\/pinterest.com\/pin\/create\/button\/?url=https:\/\/canlibahistahminlerim.com\/euro-2032-sampiyonasi-turkiyeden-alinabilir\/&media=https:\/\/canlibahistahminlerim.com\/wp-content\/uploads\/2023\/12\/Euro2032-Sampiyonasi-Turkiyeden-Alinabilir.jpg&description=Euro+2032+%C5%9Eampiyonas%C4%B1+T%C3%BCrkiye%E2%80%99den+Al%C4%B1nabilir%21\" target=\"_blank\" class=\" wd-social-icon social-pinterest\" aria-label=\"Pinterest sosyal ba\u011flant\u0131s\u0131\">\n\t\t\t\t\t\t<span class=\"wd-icon\"><\/span>\n\t\t\t\t\t\t\t\t\t\t\t<\/a>\n\t\t\t\t\n\t\t\t\t\n\t\t\t\t\n\t\t\t\t\n\t\t\t\t\n\t\t\t\t\n\t\t\t\t\n\t\t\t\t\n\t\t\t\t\n\t\t\t\t\n\t\t\t\t\n\t\t\t\t\t\t\t\t\t<a rel=\"noopener noreferrer nofollow\" href=\"https:\/\/api.whatsapp.com\/send?text=https%3A%2F%2Fcanlibahistahminlerim.com%2Feuro-2032-sampiyonasi-turkiyeden-alinabilir%2F\" target=\"_blank\" class=\"whatsapp-desktop  wd-social-icon social-whatsapp\" aria-label=\"WhatsApp sosyal ba\u011flant\u0131s\u0131\">\n\t\t\t\t\t\t<span class=\"wd-icon\"><\/span>\n\t\t\t\t\t\t\t\t\t\t\t<\/a>\n\t\t\t\t\t\n\t\t\t\t\t<a rel=\"noopener noreferrer nofollow\" href=\"whatsapp:\/\/send?text=https%3A%2F%2Fcanlibahistahminlerim.com%2Feuro-2032-sampiyonasi-turkiyeden-alinabilir%2F\" target=\"_blank\" class=\"whatsapp-mobile  wd-social-icon social-whatsapp\" aria-label=\"WhatsApp sosyal ba\u011flant\u0131s\u0131\">\n\t\t\t\t\t\t<span class=\"wd-icon\"><\/span>\n\t\t\t\t\t\t\t\t\t\t\t<\/a>\n\t\t\t\t\n\t\t\t\t\t\t\t\t\n\t\t\t\t\t\t\t\t\n\t\t\t\t\n\t\t\t\t\n\t\t\t\t\t\t\t\t\t<a rel=\"noopener noreferrer nofollow\" href=\"https:\/\/telegram.me\/share\/url?url=https:\/\/canlibahistahminlerim.com\/euro-2032-sampiyonasi-turkiyeden-alinabilir\/\" target=\"_blank\" class=\" wd-social-icon social-tg\" aria-label=\"Telegram sosyal medya linki\">\n\t\t\t\t\t\t<span class=\"wd-icon\"><\/span>\n\t\t\t\t\t\t\t\t\t\t\t<\/a>\n\t\t\t\t\t\t\t\t\n\t\t\t\t\n\t\t\t<\/div>\n\n\t\t\t\t\t\t\t\t\t<\/div>\n\t\t\t\t\t\t<\/div>\n\t\t\t\t\t\t\t\t\t\t\t\t\n\t\t\t\t\t\t\t\n\t\t\t\t                    <div class=\"entry-content wd-entry-content\">\n\t\t\t\t\t\tSon dakika haberi\u2026 Trendyol S\u00fcper Lig\u2019de d\u00fcn ak\u015fam oynanan MKE...\n\t\t\t\t\t\t\t\t\t\t\t<\/div><!-- .entry-content -->\n\t\t\t\t\n\t\t\t\t\t\t\t\t\t\t\t\t\t\t<p class=\"read-more-section\">\n\t\t\t\t\t\t<a class=\"btn-read-more more-link\" href=\"https:\/\/canlibahistahminlerim.com\/euro-2032-sampiyonasi-turkiyeden-alinabilir\/\">Okumaya devam et<\/a>\t\t\t\t\t<\/p>\n\t\t\t\t\t\t\t\t\t\t\t\n\t\t\t\n\t\t\t\t\t<\/div>\n\t<\/div>\n<\/article><!-- #post -->\n\n\n\t\t\t\t\t\t\t\t\t\t\t\n<article id=\"post-60746\" class=\"wd-post blog-design-masonry blog-post-loop blog-style-bg wd-add-shadow wd-col post-60746 post type-post status-publish format-standard has-post-thumbnail hentry category-genel category-futbol category-guncel-spor-haberleri category-spor-haberleri tag-pep-guardioladan-emeklilik-aciklamasi\">\n\t<div class=\"article-inner\">\n\t\t\t\t\t<header class=\"entry-header\">\n\t\t\t\t\t\t\t\t\t<figure id=\"carousel-926\" class=\"entry-thumbnail\">\n\t\t\t\t\t\t\n\t\t\t\t\t\t\t<div class=\"post-img-wrapp\">\n\t\t\t\t\t\t\t\t<a href=\"https:\/\/canlibahistahminlerim.com\/pep-guardioladan-emeklilik-aciklamasi\/\">\n\t\t\t\t\t\t\t\t\t<img width=\"1300\" height=\"731\" src=\"https:\/\/canlibahistahminlerim.com\/wp-content\/uploads\/2023\/12\/Pep-Guardioladan-emeklilik-aciklamasi-1300x731.jpg\" class=\"attachment-large size-large\" alt=\"Pep Guardiola&#039;dan emeklilik a\u00e7\u0131klamas\u0131!\" decoding=\"async\" srcset=\"https:\/\/canlibahistahminlerim.com\/wp-content\/uploads\/2023\/12\/Pep-Guardioladan-emeklilik-aciklamasi-1300x731.jpg 1300w, https:\/\/canlibahistahminlerim.com\/wp-content\/uploads\/2023\/12\/Pep-Guardioladan-emeklilik-aciklamasi-400x225.jpg 400w, https:\/\/canlibahistahminlerim.com\/wp-content\/uploads\/2023\/12\/Pep-Guardioladan-emeklilik-aciklamasi-768x432.jpg 768w, https:\/\/canlibahistahminlerim.com\/wp-content\/uploads\/2023\/12\/Pep-Guardioladan-emeklilik-aciklamasi-1536x864.jpg 1536w, https:\/\/canlibahistahminlerim.com\/wp-content\/uploads\/2023\/12\/Pep-Guardioladan-emeklilik-aciklamasi.jpg 1920w\" sizes=\"(max-width: 1300px) 100vw, 1300px\" \/>\t\t\t\t\t\t\t\t<\/a>\n\t\t\t\t\t\t\t<\/div>\n\t\t\t\t\t\t\t<div class=\"post-image-mask\">\n\t\t\t\t\t\t\t\t<span><\/span>\n\t\t\t\t\t\t\t<\/div>\n\n\t\t\t\t\t\t\n\t\t\t\t\t<\/figure>\n\t\t\t\t\n\t\t\t\t\t\t\t\t\t\t\t\t<div class=\"post-date wd-post-date wd-style-with-bg\">\n\t\t\t\t<span class=\"post-date-day\">\n\t\t\t\t\t10\t\t\t\t<\/span>\n\t\t\t\t<span class=\"post-date-month\">\n\t\t\t\t\tAra\t\t\t\t<\/span>\n\t\t\t<\/div>\n\t\t\t\t\t\t\n\t\t\t<\/header><!-- .entry-header -->\n\n\t\t<div class=\"article-body-container\">\n\t\t\t\n\t\t\t\t\t\t\t\t\t<div class=\"meta-categories-wrapp\"><div class=\"meta-post-categories wd-post-cat wd-style-with-bg\"><a href=\"https:\/\/canlibahistahminlerim.com\/genel\/\" rel=\"category tag\">Genel<\/a>, <a href=\"https:\/\/canlibahistahminlerim.com\/spor-haberleri\/futbol\/\" rel=\"category tag\">Futbol<\/a>, <a href=\"https:\/\/canlibahistahminlerim.com\/guncel-spor-haberleri\/\" rel=\"category tag\">G\u00dcNCEL SPOR HABERLER\u0130<\/a>, <a href=\"https:\/\/canlibahistahminlerim.com\/spor-haberleri\/\" rel=\"category tag\">Spor Haberleri<\/a><\/div><\/div>\n\t\t\t\t\n\t\t\t\t\t\t\t\t\t<h3 class=\"wd-entities-title title post-title\">\n\t\t\t\t\t\t<a href=\"https:\/\/canlibahistahminlerim.com\/pep-guardioladan-emeklilik-aciklamasi\/\" rel=\"bookmark\">Pep Guardiola&#8217;dan emeklilik a\u00e7\u0131klamas\u0131!<\/a>\n\t\t\t\t\t<\/h3>\n\t\t\t\t\n\t\t\t\t\t\t\t\t\t<div class=\"entry-meta wd-entry-meta\">\n\t\t\t\t\t\t\t\t\t<ul class=\"entry-meta-list\">\n\t\t\t\t\t\t\t\t\t<li class=\"modified-date\">\n\t\t\t\t\t\t\t\t<time class=\"updated\" datetime=\"2023-12-10T04:16:05+03:00\">\n\t\t\t10 Aral\u0131k 2023\t\t<\/time>\n\t\t\t\t\t\t\t<\/li>\n\n\t\t\t\t\t\n\t\t\t\t\t\t\t\t\t\t\t<li class=\"meta-author\">\n\t\t\t\t\t\t\t\t\t\t\t\t<span>Taraf\u0131ndan<\/span>\n\t\t\n\t\t\t\t\t<img alt='author-avatar' src='https:\/\/secure.gravatar.com\/avatar\/7425033c41e2dfed89ffe1cc678c2a73?s=32&#038;d=mm&#038;r=g' srcset='https:\/\/secure.gravatar.com\/avatar\/7425033c41e2dfed89ffe1cc678c2a73?s=64&#038;d=mm&#038;r=g 2x' class='avatar avatar-32 photo' height='32' width='32' decoding='async'\/>\t\t\n\t\t<a href=\"https:\/\/canlibahistahminlerim.com\/author\/admin\/\" rel=\"author\">\n\t\t\t<span class=\"vcard author author_name\">\n\t\t\t\t<span class=\"fn\">BNSEO<\/span>\n\t\t\t<\/span>\n\t\t<\/a>\n\t\t\t\t\t\t\t\t<\/li>\n\t\t\t\t\t\n\t\t\t\t\t\n\t\t\t\t\t\t\t\t\t\t\t<li class=\"meta-reply\">\n\t\t\t\t\t\t\t<a href=\"https:\/\/canlibahistahminlerim.com\/pep-guardioladan-emeklilik-aciklamasi\/#respond\"><span class=\"replies-count\">0<\/span> <span class=\"replies-count-label\">yorumlar<\/span><\/a>\t\t\t\t\t\t<\/li>\n\t\t\t\t\t\t\t\t\t\t\t\t<\/ul>\n\t\t\t\t\t\t\t<\/div><!-- .entry-meta -->\n\t\t\t\t\t\t\t\t\t\t\t<div class=\"hovered-social-icons wd-tltp wd-tltp-top\">\n\t\t\t\t\t\t\t<div class=\"wd-tooltip-label\">\n\t\t\t\t\t\t\t\t\n\t\t\t<div class=\" wd-social-icons icons-design-default icons-size-small color-scheme-light social-share social-form-circle text-center\">\n\n\t\t\t\t\n\t\t\t\t\t\t\t\t\t<a rel=\"noopener noreferrer nofollow\" href=\"https:\/\/www.facebook.com\/sharer\/sharer.php?u=https:\/\/canlibahistahminlerim.com\/pep-guardioladan-emeklilik-aciklamasi\/\" target=\"_blank\" class=\" wd-social-icon social-facebook\" aria-label=\"Facebook sosyal ba\u011flant\u0131s\u0131\">\n\t\t\t\t\t\t<span class=\"wd-icon\"><\/span>\n\t\t\t\t\t\t\t\t\t\t\t<\/a>\n\t\t\t\t\n\t\t\t\t\t\t\t\t\t<a rel=\"noopener noreferrer nofollow\" href=\"https:\/\/x.com\/share?url=https:\/\/canlibahistahminlerim.com\/pep-guardioladan-emeklilik-aciklamasi\/\" target=\"_blank\" class=\" wd-social-icon social-twitter\" aria-label=\"X social link\">\n\t\t\t\t\t\t<span class=\"wd-icon\"><\/span>\n\t\t\t\t\t\t\t\t\t\t\t<\/a>\n\t\t\t\t\n\t\t\t\t\n\t\t\t\t\n\t\t\t\t\n\t\t\t\t\t\t\t\t\t<a rel=\"noopener noreferrer nofollow\" href=\"https:\/\/pinterest.com\/pin\/create\/button\/?url=https:\/\/canlibahistahminlerim.com\/pep-guardioladan-emeklilik-aciklamasi\/&media=https:\/\/canlibahistahminlerim.com\/wp-content\/uploads\/2023\/12\/Pep-Guardioladan-emeklilik-aciklamasi.jpg&description=Pep+Guardiola%26%238217%3Bdan+emeklilik+a%C3%A7%C4%B1klamas%C4%B1%21\" target=\"_blank\" class=\" wd-social-icon social-pinterest\" aria-label=\"Pinterest sosyal ba\u011flant\u0131s\u0131\">\n\t\t\t\t\t\t<span class=\"wd-icon\"><\/span>\n\t\t\t\t\t\t\t\t\t\t\t<\/a>\n\t\t\t\t\n\t\t\t\t\n\t\t\t\t\n\t\t\t\t\n\t\t\t\t\n\t\t\t\t\n\t\t\t\t\n\t\t\t\t\n\t\t\t\t\n\t\t\t\t\n\t\t\t\t\n\t\t\t\t\t\t\t\t\t<a rel=\"noopener noreferrer nofollow\" href=\"https:\/\/api.whatsapp.com\/send?text=https%3A%2F%2Fcanlibahistahminlerim.com%2Fpep-guardioladan-emeklilik-aciklamasi%2F\" target=\"_blank\" class=\"whatsapp-desktop  wd-social-icon social-whatsapp\" aria-label=\"WhatsApp sosyal ba\u011flant\u0131s\u0131\">\n\t\t\t\t\t\t<span class=\"wd-icon\"><\/span>\n\t\t\t\t\t\t\t\t\t\t\t<\/a>\n\t\t\t\t\t\n\t\t\t\t\t<a rel=\"noopener noreferrer nofollow\" href=\"whatsapp:\/\/send?text=https%3A%2F%2Fcanlibahistahminlerim.com%2Fpep-guardioladan-emeklilik-aciklamasi%2F\" target=\"_blank\" class=\"whatsapp-mobile  wd-social-icon social-whatsapp\" aria-label=\"WhatsApp sosyal ba\u011flant\u0131s\u0131\">\n\t\t\t\t\t\t<span class=\"wd-icon\"><\/span>\n\t\t\t\t\t\t\t\t\t\t\t<\/a>\n\t\t\t\t\n\t\t\t\t\t\t\t\t\n\t\t\t\t\t\t\t\t\n\t\t\t\t\n\t\t\t\t\n\t\t\t\t\t\t\t\t\t<a rel=\"noopener noreferrer nofollow\" href=\"https:\/\/telegram.me\/share\/url?url=https:\/\/canlibahistahminlerim.com\/pep-guardioladan-emeklilik-aciklamasi\/\" target=\"_blank\" class=\" wd-social-icon social-tg\" aria-label=\"Telegram sosyal medya linki\">\n\t\t\t\t\t\t<span class=\"wd-icon\"><\/span>\n\t\t\t\t\t\t\t\t\t\t\t<\/a>\n\t\t\t\t\t\t\t\t\n\t\t\t\t\n\t\t\t<\/div>\n\n\t\t\t\t\t\t\t\t\t<\/div>\n\t\t\t\t\t\t<\/div>\n\t\t\t\t\t\t\t\t\t\t\t\t\n\t\t\t\t\t\t\t\n\t\t\t\t                    <div class=\"entry-content wd-entry-content\">\n\t\t\t\t\t\tPep Guardiola'dan emeklilik a\u00e7\u0131klamas\u0131! \u0130ngiltere Premier Lig\u2019in 15 haftas\u0131nda Aston...\n\t\t\t\t\t\t\t\t\t\t\t<\/div><!-- .entry-content -->\n\t\t\t\t\n\t\t\t\t\t\t\t\t\t\t\t\t\t\t<p class=\"read-more-section\">\n\t\t\t\t\t\t<a class=\"btn-read-more more-link\" href=\"https:\/\/canlibahistahminlerim.com\/pep-guardioladan-emeklilik-aciklamasi\/\">Okumaya devam et<\/a>\t\t\t\t\t<\/p>\n\t\t\t\t\t\t\t\t\t\t\t\n\t\t\t\n\t\t\t\t\t<\/div>\n\t<\/div>\n<\/article><!-- #post -->\n\n\n\t\t\t\t\t\n\t\t\t\t\t","status":"have-posts","nextPage":"https:\/\/canlibahistahminlerim.com\/guncel-spor-haberleri\/page\/6\/?woo_ajax=1","currentPage":"https:\/\/canlibahistahminlerim.com\/guncel-spor-haberleri\/page\/5"}