
			
				

					
				

			
		{"items":"\n\t\t\t\t\t\t\t\t\t\t\t\n<article id=\"post-58334\" class=\"wd-post blog-design-masonry blog-post-loop blog-style-bg wd-add-shadow wd-col post-58334 post type-post status-publish format-standard has-post-thumbnail hentry category-guncel-spor-haberleri tag-besiktastan-ante-rebic-hamlesi\">\n\t<div class=\"article-inner\">\n\t\t\t\t\t<header class=\"entry-header\">\n\t\t\t\t\t\t\t\t\t<figure id=\"carousel-238\" class=\"entry-thumbnail\">\n\t\t\t\t\t\t\n\t\t\t\t\t\t\t<div class=\"post-img-wrapp\">\n\t\t\t\t\t\t\t\t<a href=\"https:\/\/canlibahistahminlerim.com\/besiktastan-ante-rebic-hamlesi\/\">\n\t\t\t\t\t\t\t\t\t<img width=\"1300\" height=\"731\" src=\"https:\/\/canlibahistahminlerim.com\/wp-content\/uploads\/2023\/07\/Besiktastan-Ante-Rebic-Hamlesi-1300x731.jpg\" class=\"attachment-large size-large\" alt=\"Be\u015fikta\u015f\u2019tan Ante Rebic Hamlesi\" decoding=\"async\" srcset=\"https:\/\/canlibahistahminlerim.com\/wp-content\/uploads\/2023\/07\/Besiktastan-Ante-Rebic-Hamlesi-1300x731.jpg 1300w, https:\/\/canlibahistahminlerim.com\/wp-content\/uploads\/2023\/07\/Besiktastan-Ante-Rebic-Hamlesi-400x225.jpg 400w, https:\/\/canlibahistahminlerim.com\/wp-content\/uploads\/2023\/07\/Besiktastan-Ante-Rebic-Hamlesi-768x432.jpg 768w, https:\/\/canlibahistahminlerim.com\/wp-content\/uploads\/2023\/07\/Besiktastan-Ante-Rebic-Hamlesi.jpg 1536w\" sizes=\"(max-width: 1300px) 100vw, 1300px\" \/>\t\t\t\t\t\t\t\t<\/a>\n\t\t\t\t\t\t\t<\/div>\n\t\t\t\t\t\t\t<div class=\"post-image-mask\">\n\t\t\t\t\t\t\t\t<span><\/span>\n\t\t\t\t\t\t\t<\/div>\n\n\t\t\t\t\t\t\n\t\t\t\t\t<\/figure>\n\t\t\t\t\n\t\t\t\t\t\t\t\t\t\t\t\t<div class=\"post-date wd-post-date wd-style-with-bg\">\n\t\t\t\t<span class=\"post-date-day\">\n\t\t\t\t\t25\t\t\t\t<\/span>\n\t\t\t\t<span class=\"post-date-month\">\n\t\t\t\t\tTem\t\t\t\t<\/span>\n\t\t\t<\/div>\n\t\t\t\t\t\t\n\t\t\t<\/header><!-- .entry-header -->\n\n\t\t<div class=\"article-body-container\">\n\t\t\t\n\t\t\t\t\t\t\t\t\t<div class=\"meta-categories-wrapp\"><div class=\"meta-post-categories wd-post-cat wd-style-with-bg\"><a href=\"https:\/\/canlibahistahminlerim.com\/guncel-spor-haberleri\/\" rel=\"category tag\">G\u00dcNCEL SPOR HABERLER\u0130<\/a><\/div><\/div>\n\t\t\t\t\n\t\t\t\t\t\t\t\t\t<h3 class=\"wd-entities-title title post-title\">\n\t\t\t\t\t\t<a href=\"https:\/\/canlibahistahminlerim.com\/besiktastan-ante-rebic-hamlesi\/\" rel=\"bookmark\">Be\u015fikta\u015f\u2019tan Ante Rebic Hamlesi<\/a>\n\t\t\t\t\t<\/h3>\n\t\t\t\t\n\t\t\t\t\t\t\t\t\t<div class=\"entry-meta wd-entry-meta\">\n\t\t\t\t\t\t\t\t\t<ul class=\"entry-meta-list\">\n\t\t\t\t\t\t\t\t\t<li class=\"modified-date\">\n\t\t\t\t\t\t\t\t<time class=\"updated\" datetime=\"2023-07-25T09:45:10+03:00\">\n\t\t\t25 Temmuz 2023\t\t<\/time>\n\t\t\t\t\t\t\t<\/li>\n\n\t\t\t\t\t\n\t\t\t\t\t\t\t\t\t\t\t<li class=\"meta-author\">\n\t\t\t\t\t\t\t\t\t\t\t\t<span>Taraf\u0131ndan<\/span>\n\t\t\n\t\t\t\t\t<img alt='author-avatar' src='https:\/\/secure.gravatar.com\/avatar\/7425033c41e2dfed89ffe1cc678c2a73?s=32&#038;d=mm&#038;r=g' srcset='https:\/\/secure.gravatar.com\/avatar\/7425033c41e2dfed89ffe1cc678c2a73?s=64&#038;d=mm&#038;r=g 2x' class='avatar avatar-32 photo' height='32' width='32' decoding='async'\/>\t\t\n\t\t<a href=\"https:\/\/canlibahistahminlerim.com\/author\/admin\/\" rel=\"author\">\n\t\t\t<span class=\"vcard author author_name\">\n\t\t\t\t<span class=\"fn\">BNSEO<\/span>\n\t\t\t<\/span>\n\t\t<\/a>\n\t\t\t\t\t\t\t\t<\/li>\n\t\t\t\t\t\n\t\t\t\t\t\n\t\t\t\t\t\t\t\t\t\t\t<li class=\"meta-reply\">\n\t\t\t\t\t\t\t<a href=\"https:\/\/canlibahistahminlerim.com\/besiktastan-ante-rebic-hamlesi\/#respond\"><span class=\"replies-count\">0<\/span> <span class=\"replies-count-label\">yorumlar<\/span><\/a>\t\t\t\t\t\t<\/li>\n\t\t\t\t\t\t\t\t\t\t\t\t<\/ul>\n\t\t\t\t\t\t\t<\/div><!-- .entry-meta -->\n\t\t\t\t\t\t\t\t\t\t\t<div class=\"hovered-social-icons wd-tltp wd-tltp-top\">\n\t\t\t\t\t\t\t<div class=\"wd-tooltip-label\">\n\t\t\t\t\t\t\t\t\t\t\t<link rel=\"stylesheet\" id=\"wd-social-icons-css\" href=\"https:\/\/canlibahistahminlerim.com\/wp-content\/themes\/woodmart\/css\/parts\/el-social-icons.min.css?ver=7.4.3\" type=\"text\/css\" media=\"all\" \/> \t\t\t\n\t\t\t<div class=\" wd-social-icons icons-design-default icons-size-small color-scheme-light social-share social-form-circle text-center\">\n\n\t\t\t\t\n\t\t\t\t\t\t\t\t\t<a rel=\"noopener noreferrer nofollow\" href=\"https:\/\/www.facebook.com\/sharer\/sharer.php?u=https:\/\/canlibahistahminlerim.com\/besiktastan-ante-rebic-hamlesi\/\" target=\"_blank\" class=\" wd-social-icon social-facebook\" aria-label=\"Facebook sosyal ba\u011flant\u0131s\u0131\">\n\t\t\t\t\t\t<span class=\"wd-icon\"><\/span>\n\t\t\t\t\t\t\t\t\t\t\t<\/a>\n\t\t\t\t\n\t\t\t\t\t\t\t\t\t<a rel=\"noopener noreferrer nofollow\" href=\"https:\/\/x.com\/share?url=https:\/\/canlibahistahminlerim.com\/besiktastan-ante-rebic-hamlesi\/\" target=\"_blank\" class=\" wd-social-icon social-twitter\" aria-label=\"X social link\">\n\t\t\t\t\t\t<span class=\"wd-icon\"><\/span>\n\t\t\t\t\t\t\t\t\t\t\t<\/a>\n\t\t\t\t\n\t\t\t\t\n\t\t\t\t\n\t\t\t\t\n\t\t\t\t\t\t\t\t\t<a rel=\"noopener noreferrer nofollow\" href=\"https:\/\/pinterest.com\/pin\/create\/button\/?url=https:\/\/canlibahistahminlerim.com\/besiktastan-ante-rebic-hamlesi\/&media=https:\/\/canlibahistahminlerim.com\/wp-content\/uploads\/2023\/07\/Besiktastan-Ante-Rebic-Hamlesi.jpg&description=Be%C5%9Fikta%C5%9F%E2%80%99tan+Ante+Rebic+Hamlesi\" target=\"_blank\" class=\" wd-social-icon social-pinterest\" aria-label=\"Pinterest sosyal ba\u011flant\u0131s\u0131\">\n\t\t\t\t\t\t<span class=\"wd-icon\"><\/span>\n\t\t\t\t\t\t\t\t\t\t\t<\/a>\n\t\t\t\t\n\t\t\t\t\n\t\t\t\t\n\t\t\t\t\n\t\t\t\t\n\t\t\t\t\n\t\t\t\t\n\t\t\t\t\n\t\t\t\t\n\t\t\t\t\n\t\t\t\t\n\t\t\t\t\t\t\t\t\t<a rel=\"noopener noreferrer nofollow\" href=\"https:\/\/api.whatsapp.com\/send?text=https%3A%2F%2Fcanlibahistahminlerim.com%2Fbesiktastan-ante-rebic-hamlesi%2F\" target=\"_blank\" class=\"whatsapp-desktop  wd-social-icon social-whatsapp\" aria-label=\"WhatsApp sosyal ba\u011flant\u0131s\u0131\">\n\t\t\t\t\t\t<span class=\"wd-icon\"><\/span>\n\t\t\t\t\t\t\t\t\t\t\t<\/a>\n\t\t\t\t\t\n\t\t\t\t\t<a rel=\"noopener noreferrer nofollow\" href=\"whatsapp:\/\/send?text=https%3A%2F%2Fcanlibahistahminlerim.com%2Fbesiktastan-ante-rebic-hamlesi%2F\" target=\"_blank\" class=\"whatsapp-mobile  wd-social-icon social-whatsapp\" aria-label=\"WhatsApp sosyal ba\u011flant\u0131s\u0131\">\n\t\t\t\t\t\t<span class=\"wd-icon\"><\/span>\n\t\t\t\t\t\t\t\t\t\t\t<\/a>\n\t\t\t\t\n\t\t\t\t\t\t\t\t\n\t\t\t\t\t\t\t\t\n\t\t\t\t\n\t\t\t\t\n\t\t\t\t\t\t\t\t\t<a rel=\"noopener noreferrer nofollow\" href=\"https:\/\/telegram.me\/share\/url?url=https:\/\/canlibahistahminlerim.com\/besiktastan-ante-rebic-hamlesi\/\" target=\"_blank\" class=\" wd-social-icon social-tg\" aria-label=\"Telegram sosyal medya linki\">\n\t\t\t\t\t\t<span class=\"wd-icon\"><\/span>\n\t\t\t\t\t\t\t\t\t\t\t<\/a>\n\t\t\t\t\t\t\t\t\n\t\t\t\t\n\t\t\t<\/div>\n\n\t\t\t\t\t\t\t\t\t<\/div>\n\t\t\t\t\t\t<\/div>\n\t\t\t\t\t\t\t\t\t\t\t\t\n\t\t\t\t\t\t\t\n\t\t\t\t                    <div class=\"entry-content wd-entry-content\">\n\t\t\t\t\t\tBe\u015fikta\u015f\u2019tan Ante Rebic Hamlesi. Be\u015fikta\u015f, AC Milan'\u0131n kenarda bekleyen oyuncusu...\n\t\t\t\t\t\t\t\t\t\t\t<\/div><!-- .entry-content -->\n\t\t\t\t\n\t\t\t\t\t\t\t\t\t\t\t\t\t\t<p class=\"read-more-section\">\n\t\t\t\t\t\t<a class=\"btn-read-more more-link\" href=\"https:\/\/canlibahistahminlerim.com\/besiktastan-ante-rebic-hamlesi\/\">Okumaya devam et<\/a>\t\t\t\t\t<\/p>\n\t\t\t\t\t\t\t\t\t\t\t\n\t\t\t\n\t\t\t\t\t<\/div>\n\t<\/div>\n<\/article><!-- #post -->\n\n\n\t\t\t\t\t\t\t\t\t\t\t\n<article id=\"post-58333\" class=\"wd-post blog-design-masonry blog-post-loop blog-style-bg wd-add-shadow wd-col post-58333 post type-post status-publish format-standard has-post-thumbnail hentry category-guncel-spor-haberleri tag-besiktastan-nino-atagi\">\n\t<div class=\"article-inner\">\n\t\t\t\t\t<header class=\"entry-header\">\n\t\t\t\t\t\t\t\t\t<figure id=\"carousel-343\" class=\"entry-thumbnail\">\n\t\t\t\t\t\t\n\t\t\t\t\t\t\t<div class=\"post-img-wrapp\">\n\t\t\t\t\t\t\t\t<a href=\"https:\/\/canlibahistahminlerim.com\/besiktastan-nino-atagi\/\">\n\t\t\t\t\t\t\t\t\t<img width=\"1300\" height=\"731\" src=\"https:\/\/canlibahistahminlerim.com\/wp-content\/uploads\/2023\/07\/Besiktastan-Nino-Atagi-1300x731.jpg\" class=\"attachment-large size-large\" alt=\"Be\u015fikta\u015f\u2019tan Nino Ata\u011f\u0131\" decoding=\"async\" srcset=\"https:\/\/canlibahistahminlerim.com\/wp-content\/uploads\/2023\/07\/Besiktastan-Nino-Atagi-1300x731.jpg 1300w, https:\/\/canlibahistahminlerim.com\/wp-content\/uploads\/2023\/07\/Besiktastan-Nino-Atagi-400x225.jpg 400w, https:\/\/canlibahistahminlerim.com\/wp-content\/uploads\/2023\/07\/Besiktastan-Nino-Atagi-768x432.jpg 768w, https:\/\/canlibahistahminlerim.com\/wp-content\/uploads\/2023\/07\/Besiktastan-Nino-Atagi.jpg 1536w\" sizes=\"(max-width: 1300px) 100vw, 1300px\" \/>\t\t\t\t\t\t\t\t<\/a>\n\t\t\t\t\t\t\t<\/div>\n\t\t\t\t\t\t\t<div class=\"post-image-mask\">\n\t\t\t\t\t\t\t\t<span><\/span>\n\t\t\t\t\t\t\t<\/div>\n\n\t\t\t\t\t\t\n\t\t\t\t\t<\/figure>\n\t\t\t\t\n\t\t\t\t\t\t\t\t\t\t\t\t<div class=\"post-date wd-post-date wd-style-with-bg\">\n\t\t\t\t<span class=\"post-date-day\">\n\t\t\t\t\t25\t\t\t\t<\/span>\n\t\t\t\t<span class=\"post-date-month\">\n\t\t\t\t\tTem\t\t\t\t<\/span>\n\t\t\t<\/div>\n\t\t\t\t\t\t\n\t\t\t<\/header><!-- .entry-header -->\n\n\t\t<div class=\"article-body-container\">\n\t\t\t\n\t\t\t\t\t\t\t\t\t<div class=\"meta-categories-wrapp\"><div class=\"meta-post-categories wd-post-cat wd-style-with-bg\"><a href=\"https:\/\/canlibahistahminlerim.com\/guncel-spor-haberleri\/\" rel=\"category tag\">G\u00dcNCEL SPOR HABERLER\u0130<\/a><\/div><\/div>\n\t\t\t\t\n\t\t\t\t\t\t\t\t\t<h3 class=\"wd-entities-title title post-title\">\n\t\t\t\t\t\t<a href=\"https:\/\/canlibahistahminlerim.com\/besiktastan-nino-atagi\/\" rel=\"bookmark\">Be\u015fikta\u015f\u2019tan Nino Ata\u011f\u0131<\/a>\n\t\t\t\t\t<\/h3>\n\t\t\t\t\n\t\t\t\t\t\t\t\t\t<div class=\"entry-meta wd-entry-meta\">\n\t\t\t\t\t\t\t\t\t<ul class=\"entry-meta-list\">\n\t\t\t\t\t\t\t\t\t<li class=\"modified-date\">\n\t\t\t\t\t\t\t\t<time class=\"updated\" datetime=\"2023-07-25T09:43:56+03:00\">\n\t\t\t25 Temmuz 2023\t\t<\/time>\n\t\t\t\t\t\t\t<\/li>\n\n\t\t\t\t\t\n\t\t\t\t\t\t\t\t\t\t\t<li class=\"meta-author\">\n\t\t\t\t\t\t\t\t\t\t\t\t<span>Taraf\u0131ndan<\/span>\n\t\t\n\t\t\t\t\t<img alt='author-avatar' src='https:\/\/secure.gravatar.com\/avatar\/7425033c41e2dfed89ffe1cc678c2a73?s=32&#038;d=mm&#038;r=g' srcset='https:\/\/secure.gravatar.com\/avatar\/7425033c41e2dfed89ffe1cc678c2a73?s=64&#038;d=mm&#038;r=g 2x' class='avatar avatar-32 photo' height='32' width='32' decoding='async'\/>\t\t\n\t\t<a href=\"https:\/\/canlibahistahminlerim.com\/author\/admin\/\" rel=\"author\">\n\t\t\t<span class=\"vcard author author_name\">\n\t\t\t\t<span class=\"fn\">BNSEO<\/span>\n\t\t\t<\/span>\n\t\t<\/a>\n\t\t\t\t\t\t\t\t<\/li>\n\t\t\t\t\t\n\t\t\t\t\t\n\t\t\t\t\t\t\t\t\t\t\t<li class=\"meta-reply\">\n\t\t\t\t\t\t\t<a href=\"https:\/\/canlibahistahminlerim.com\/besiktastan-nino-atagi\/#respond\"><span class=\"replies-count\">0<\/span> <span class=\"replies-count-label\">yorumlar<\/span><\/a>\t\t\t\t\t\t<\/li>\n\t\t\t\t\t\t\t\t\t\t\t\t<\/ul>\n\t\t\t\t\t\t\t<\/div><!-- .entry-meta -->\n\t\t\t\t\t\t\t\t\t\t\t<div class=\"hovered-social-icons wd-tltp wd-tltp-top\">\n\t\t\t\t\t\t\t<div class=\"wd-tooltip-label\">\n\t\t\t\t\t\t\t\t\n\t\t\t<div class=\" wd-social-icons icons-design-default icons-size-small color-scheme-light social-share social-form-circle text-center\">\n\n\t\t\t\t\n\t\t\t\t\t\t\t\t\t<a rel=\"noopener noreferrer nofollow\" href=\"https:\/\/www.facebook.com\/sharer\/sharer.php?u=https:\/\/canlibahistahminlerim.com\/besiktastan-nino-atagi\/\" target=\"_blank\" class=\" wd-social-icon social-facebook\" aria-label=\"Facebook sosyal ba\u011flant\u0131s\u0131\">\n\t\t\t\t\t\t<span class=\"wd-icon\"><\/span>\n\t\t\t\t\t\t\t\t\t\t\t<\/a>\n\t\t\t\t\n\t\t\t\t\t\t\t\t\t<a rel=\"noopener noreferrer nofollow\" href=\"https:\/\/x.com\/share?url=https:\/\/canlibahistahminlerim.com\/besiktastan-nino-atagi\/\" target=\"_blank\" class=\" wd-social-icon social-twitter\" aria-label=\"X social link\">\n\t\t\t\t\t\t<span class=\"wd-icon\"><\/span>\n\t\t\t\t\t\t\t\t\t\t\t<\/a>\n\t\t\t\t\n\t\t\t\t\n\t\t\t\t\n\t\t\t\t\n\t\t\t\t\t\t\t\t\t<a rel=\"noopener noreferrer nofollow\" href=\"https:\/\/pinterest.com\/pin\/create\/button\/?url=https:\/\/canlibahistahminlerim.com\/besiktastan-nino-atagi\/&media=https:\/\/canlibahistahminlerim.com\/wp-content\/uploads\/2023\/07\/Besiktastan-Nino-Atagi.jpg&description=Be%C5%9Fikta%C5%9F%E2%80%99tan+Nino+Ata%C4%9F%C4%B1\" target=\"_blank\" class=\" wd-social-icon social-pinterest\" aria-label=\"Pinterest sosyal ba\u011flant\u0131s\u0131\">\n\t\t\t\t\t\t<span class=\"wd-icon\"><\/span>\n\t\t\t\t\t\t\t\t\t\t\t<\/a>\n\t\t\t\t\n\t\t\t\t\n\t\t\t\t\n\t\t\t\t\n\t\t\t\t\n\t\t\t\t\n\t\t\t\t\n\t\t\t\t\n\t\t\t\t\n\t\t\t\t\n\t\t\t\t\n\t\t\t\t\t\t\t\t\t<a rel=\"noopener noreferrer nofollow\" href=\"https:\/\/api.whatsapp.com\/send?text=https%3A%2F%2Fcanlibahistahminlerim.com%2Fbesiktastan-nino-atagi%2F\" target=\"_blank\" class=\"whatsapp-desktop  wd-social-icon social-whatsapp\" aria-label=\"WhatsApp sosyal ba\u011flant\u0131s\u0131\">\n\t\t\t\t\t\t<span class=\"wd-icon\"><\/span>\n\t\t\t\t\t\t\t\t\t\t\t<\/a>\n\t\t\t\t\t\n\t\t\t\t\t<a rel=\"noopener noreferrer nofollow\" href=\"whatsapp:\/\/send?text=https%3A%2F%2Fcanlibahistahminlerim.com%2Fbesiktastan-nino-atagi%2F\" target=\"_blank\" class=\"whatsapp-mobile  wd-social-icon social-whatsapp\" aria-label=\"WhatsApp sosyal ba\u011flant\u0131s\u0131\">\n\t\t\t\t\t\t<span class=\"wd-icon\"><\/span>\n\t\t\t\t\t\t\t\t\t\t\t<\/a>\n\t\t\t\t\n\t\t\t\t\t\t\t\t\n\t\t\t\t\t\t\t\t\n\t\t\t\t\n\t\t\t\t\n\t\t\t\t\t\t\t\t\t<a rel=\"noopener noreferrer nofollow\" href=\"https:\/\/telegram.me\/share\/url?url=https:\/\/canlibahistahminlerim.com\/besiktastan-nino-atagi\/\" target=\"_blank\" class=\" wd-social-icon social-tg\" aria-label=\"Telegram sosyal medya linki\">\n\t\t\t\t\t\t<span class=\"wd-icon\"><\/span>\n\t\t\t\t\t\t\t\t\t\t\t<\/a>\n\t\t\t\t\t\t\t\t\n\t\t\t\t\n\t\t\t<\/div>\n\n\t\t\t\t\t\t\t\t\t<\/div>\n\t\t\t\t\t\t<\/div>\n\t\t\t\t\t\t\t\t\t\t\t\t\n\t\t\t\t\t\t\t\n\t\t\t\t                    <div class=\"entry-content wd-entry-content\">\n\t\t\t\t\t\tBe\u015fikta\u015f\u2019tan Nino Ata\u011f\u0131. Be\u015fikta\u015f, transfer \u00e7al\u0131\u015fmalar\u0131na h\u0131z kesmeden devam ediyor....\n\t\t\t\t\t\t\t\t\t\t\t<\/div><!-- .entry-content -->\n\t\t\t\t\n\t\t\t\t\t\t\t\t\t\t\t\t\t\t<p class=\"read-more-section\">\n\t\t\t\t\t\t<a class=\"btn-read-more more-link\" href=\"https:\/\/canlibahistahminlerim.com\/besiktastan-nino-atagi\/\">Okumaya devam et<\/a>\t\t\t\t\t<\/p>\n\t\t\t\t\t\t\t\t\t\t\t\n\t\t\t\n\t\t\t\t\t<\/div>\n\t<\/div>\n<\/article><!-- #post -->\n\n\n\t\t\t\t\t\t\t\t\t\t\t\n<article id=\"post-58332\" class=\"wd-post blog-design-masonry blog-post-loop blog-style-bg wd-add-shadow wd-col post-58332 post type-post status-publish format-standard has-post-thumbnail hentry category-guncel-spor-haberleri tag-galatasaray-cedric-bakambuyu-transfer-etti\">\n\t<div class=\"article-inner\">\n\t\t\t\t\t<header class=\"entry-header\">\n\t\t\t\t\t\t\t\t\t<figure id=\"carousel-169\" class=\"entry-thumbnail\">\n\t\t\t\t\t\t\n\t\t\t\t\t\t\t<div class=\"post-img-wrapp\">\n\t\t\t\t\t\t\t\t<a href=\"https:\/\/canlibahistahminlerim.com\/galatasaray-cedric-bakambuyu-transfer-etti\/\">\n\t\t\t\t\t\t\t\t\t<img width=\"1300\" height=\"731\" src=\"https:\/\/canlibahistahminlerim.com\/wp-content\/uploads\/2023\/07\/Galatasaray-Cedric-Bakambuyu-Transfer-Etti-1300x731.jpg\" class=\"attachment-large size-large\" alt=\"Galatasaray Cedric Bakambu\u2019yu Transfer Etti!\" decoding=\"async\" srcset=\"https:\/\/canlibahistahminlerim.com\/wp-content\/uploads\/2023\/07\/Galatasaray-Cedric-Bakambuyu-Transfer-Etti-1300x731.jpg 1300w, https:\/\/canlibahistahminlerim.com\/wp-content\/uploads\/2023\/07\/Galatasaray-Cedric-Bakambuyu-Transfer-Etti-400x225.jpg 400w, https:\/\/canlibahistahminlerim.com\/wp-content\/uploads\/2023\/07\/Galatasaray-Cedric-Bakambuyu-Transfer-Etti-768x432.jpg 768w, https:\/\/canlibahistahminlerim.com\/wp-content\/uploads\/2023\/07\/Galatasaray-Cedric-Bakambuyu-Transfer-Etti.jpg 1536w\" sizes=\"(max-width: 1300px) 100vw, 1300px\" \/>\t\t\t\t\t\t\t\t<\/a>\n\t\t\t\t\t\t\t<\/div>\n\t\t\t\t\t\t\t<div class=\"post-image-mask\">\n\t\t\t\t\t\t\t\t<span><\/span>\n\t\t\t\t\t\t\t<\/div>\n\n\t\t\t\t\t\t\n\t\t\t\t\t<\/figure>\n\t\t\t\t\n\t\t\t\t\t\t\t\t\t\t\t\t<div class=\"post-date wd-post-date wd-style-with-bg\">\n\t\t\t\t<span class=\"post-date-day\">\n\t\t\t\t\t25\t\t\t\t<\/span>\n\t\t\t\t<span class=\"post-date-month\">\n\t\t\t\t\tTem\t\t\t\t<\/span>\n\t\t\t<\/div>\n\t\t\t\t\t\t\n\t\t\t<\/header><!-- .entry-header -->\n\n\t\t<div class=\"article-body-container\">\n\t\t\t\n\t\t\t\t\t\t\t\t\t<div class=\"meta-categories-wrapp\"><div class=\"meta-post-categories wd-post-cat wd-style-with-bg\"><a href=\"https:\/\/canlibahistahminlerim.com\/guncel-spor-haberleri\/\" rel=\"category tag\">G\u00dcNCEL SPOR HABERLER\u0130<\/a><\/div><\/div>\n\t\t\t\t\n\t\t\t\t\t\t\t\t\t<h3 class=\"wd-entities-title title post-title\">\n\t\t\t\t\t\t<a href=\"https:\/\/canlibahistahminlerim.com\/galatasaray-cedric-bakambuyu-transfer-etti\/\" rel=\"bookmark\">Galatasaray Cedric Bakambu\u2019yu Transfer Etti!<\/a>\n\t\t\t\t\t<\/h3>\n\t\t\t\t\n\t\t\t\t\t\t\t\t\t<div class=\"entry-meta wd-entry-meta\">\n\t\t\t\t\t\t\t\t\t<ul class=\"entry-meta-list\">\n\t\t\t\t\t\t\t\t\t<li class=\"modified-date\">\n\t\t\t\t\t\t\t\t<time class=\"updated\" datetime=\"2023-07-25T09:42:33+03:00\">\n\t\t\t25 Temmuz 2023\t\t<\/time>\n\t\t\t\t\t\t\t<\/li>\n\n\t\t\t\t\t\n\t\t\t\t\t\t\t\t\t\t\t<li class=\"meta-author\">\n\t\t\t\t\t\t\t\t\t\t\t\t<span>Taraf\u0131ndan<\/span>\n\t\t\n\t\t\t\t\t<img alt='author-avatar' src='https:\/\/secure.gravatar.com\/avatar\/7425033c41e2dfed89ffe1cc678c2a73?s=32&#038;d=mm&#038;r=g' srcset='https:\/\/secure.gravatar.com\/avatar\/7425033c41e2dfed89ffe1cc678c2a73?s=64&#038;d=mm&#038;r=g 2x' class='avatar avatar-32 photo' height='32' width='32' decoding='async'\/>\t\t\n\t\t<a href=\"https:\/\/canlibahistahminlerim.com\/author\/admin\/\" rel=\"author\">\n\t\t\t<span class=\"vcard author author_name\">\n\t\t\t\t<span class=\"fn\">BNSEO<\/span>\n\t\t\t<\/span>\n\t\t<\/a>\n\t\t\t\t\t\t\t\t<\/li>\n\t\t\t\t\t\n\t\t\t\t\t\n\t\t\t\t\t\t\t\t\t\t\t<li class=\"meta-reply\">\n\t\t\t\t\t\t\t<a href=\"https:\/\/canlibahistahminlerim.com\/galatasaray-cedric-bakambuyu-transfer-etti\/#respond\"><span class=\"replies-count\">0<\/span> <span class=\"replies-count-label\">yorumlar<\/span><\/a>\t\t\t\t\t\t<\/li>\n\t\t\t\t\t\t\t\t\t\t\t\t<\/ul>\n\t\t\t\t\t\t\t<\/div><!-- .entry-meta -->\n\t\t\t\t\t\t\t\t\t\t\t<div class=\"hovered-social-icons wd-tltp wd-tltp-top\">\n\t\t\t\t\t\t\t<div class=\"wd-tooltip-label\">\n\t\t\t\t\t\t\t\t\n\t\t\t<div class=\" wd-social-icons icons-design-default icons-size-small color-scheme-light social-share social-form-circle text-center\">\n\n\t\t\t\t\n\t\t\t\t\t\t\t\t\t<a rel=\"noopener noreferrer nofollow\" href=\"https:\/\/www.facebook.com\/sharer\/sharer.php?u=https:\/\/canlibahistahminlerim.com\/galatasaray-cedric-bakambuyu-transfer-etti\/\" target=\"_blank\" class=\" wd-social-icon social-facebook\" aria-label=\"Facebook sosyal ba\u011flant\u0131s\u0131\">\n\t\t\t\t\t\t<span class=\"wd-icon\"><\/span>\n\t\t\t\t\t\t\t\t\t\t\t<\/a>\n\t\t\t\t\n\t\t\t\t\t\t\t\t\t<a rel=\"noopener noreferrer nofollow\" href=\"https:\/\/x.com\/share?url=https:\/\/canlibahistahminlerim.com\/galatasaray-cedric-bakambuyu-transfer-etti\/\" target=\"_blank\" class=\" wd-social-icon social-twitter\" aria-label=\"X social link\">\n\t\t\t\t\t\t<span class=\"wd-icon\"><\/span>\n\t\t\t\t\t\t\t\t\t\t\t<\/a>\n\t\t\t\t\n\t\t\t\t\n\t\t\t\t\n\t\t\t\t\n\t\t\t\t\t\t\t\t\t<a rel=\"noopener noreferrer nofollow\" href=\"https:\/\/pinterest.com\/pin\/create\/button\/?url=https:\/\/canlibahistahminlerim.com\/galatasaray-cedric-bakambuyu-transfer-etti\/&media=https:\/\/canlibahistahminlerim.com\/wp-content\/uploads\/2023\/07\/Galatasaray-Cedric-Bakambuyu-Transfer-Etti.jpg&description=Galatasaray+Cedric+Bakambu%E2%80%99yu+Transfer+Etti%21\" target=\"_blank\" class=\" wd-social-icon social-pinterest\" aria-label=\"Pinterest sosyal ba\u011flant\u0131s\u0131\">\n\t\t\t\t\t\t<span class=\"wd-icon\"><\/span>\n\t\t\t\t\t\t\t\t\t\t\t<\/a>\n\t\t\t\t\n\t\t\t\t\n\t\t\t\t\n\t\t\t\t\n\t\t\t\t\n\t\t\t\t\n\t\t\t\t\n\t\t\t\t\n\t\t\t\t\n\t\t\t\t\n\t\t\t\t\n\t\t\t\t\t\t\t\t\t<a rel=\"noopener noreferrer nofollow\" href=\"https:\/\/api.whatsapp.com\/send?text=https%3A%2F%2Fcanlibahistahminlerim.com%2Fgalatasaray-cedric-bakambuyu-transfer-etti%2F\" target=\"_blank\" class=\"whatsapp-desktop  wd-social-icon social-whatsapp\" aria-label=\"WhatsApp sosyal ba\u011flant\u0131s\u0131\">\n\t\t\t\t\t\t<span class=\"wd-icon\"><\/span>\n\t\t\t\t\t\t\t\t\t\t\t<\/a>\n\t\t\t\t\t\n\t\t\t\t\t<a rel=\"noopener noreferrer nofollow\" href=\"whatsapp:\/\/send?text=https%3A%2F%2Fcanlibahistahminlerim.com%2Fgalatasaray-cedric-bakambuyu-transfer-etti%2F\" target=\"_blank\" class=\"whatsapp-mobile  wd-social-icon social-whatsapp\" aria-label=\"WhatsApp sosyal ba\u011flant\u0131s\u0131\">\n\t\t\t\t\t\t<span class=\"wd-icon\"><\/span>\n\t\t\t\t\t\t\t\t\t\t\t<\/a>\n\t\t\t\t\n\t\t\t\t\t\t\t\t\n\t\t\t\t\t\t\t\t\n\t\t\t\t\n\t\t\t\t\n\t\t\t\t\t\t\t\t\t<a rel=\"noopener noreferrer nofollow\" href=\"https:\/\/telegram.me\/share\/url?url=https:\/\/canlibahistahminlerim.com\/galatasaray-cedric-bakambuyu-transfer-etti\/\" target=\"_blank\" class=\" wd-social-icon social-tg\" aria-label=\"Telegram sosyal medya linki\">\n\t\t\t\t\t\t<span class=\"wd-icon\"><\/span>\n\t\t\t\t\t\t\t\t\t\t\t<\/a>\n\t\t\t\t\t\t\t\t\n\t\t\t\t\n\t\t\t<\/div>\n\n\t\t\t\t\t\t\t\t\t<\/div>\n\t\t\t\t\t\t<\/div>\n\t\t\t\t\t\t\t\t\t\t\t\t\n\t\t\t\t\t\t\t\n\t\t\t\t                    <div class=\"entry-content wd-entry-content\">\n\t\t\t\t\t\tGalatasaray Cedric Bakambu\u2019yu Transfer Etti! Galatasaray, transfer sezonunda kadrosunu g\u00fc\u00e7lendirmeye...\n\t\t\t\t\t\t\t\t\t\t\t<\/div><!-- .entry-content -->\n\t\t\t\t\n\t\t\t\t\t\t\t\t\t\t\t\t\t\t<p class=\"read-more-section\">\n\t\t\t\t\t\t<a class=\"btn-read-more more-link\" href=\"https:\/\/canlibahistahminlerim.com\/galatasaray-cedric-bakambuyu-transfer-etti\/\">Okumaya devam et<\/a>\t\t\t\t\t<\/p>\n\t\t\t\t\t\t\t\t\t\t\t\n\t\t\t\n\t\t\t\t\t<\/div>\n\t<\/div>\n<\/article><!-- #post -->\n\n\n\t\t\t\t\t\t\t\t\t\t\t\n<article id=\"post-58335\" class=\"wd-post blog-design-masonry blog-post-loop blog-style-bg wd-add-shadow wd-col post-58335 post type-post status-publish format-standard has-post-thumbnail hentry category-guncel-spor-haberleri tag-livakovic-adim-adim-fenerbahceye\">\n\t<div class=\"article-inner\">\n\t\t\t\t\t<header class=\"entry-header\">\n\t\t\t\t\t\t\t\t\t<figure id=\"carousel-867\" class=\"entry-thumbnail\">\n\t\t\t\t\t\t\n\t\t\t\t\t\t\t<div class=\"post-img-wrapp\">\n\t\t\t\t\t\t\t\t<a href=\"https:\/\/canlibahistahminlerim.com\/livakovic-adim-adim-fenerbahceye\/\">\n\t\t\t\t\t\t\t\t\t<img width=\"1300\" height=\"731\" src=\"https:\/\/canlibahistahminlerim.com\/wp-content\/uploads\/2023\/07\/Livacovic-Adim-Adim-Fenerbahceye-Dogru-1300x731.jpg\" class=\"attachment-large size-large\" alt=\"Livakovi\u00e7 ad\u0131m ad\u0131m Fenerbah\u00e7e&#039;ye\" decoding=\"async\" srcset=\"https:\/\/canlibahistahminlerim.com\/wp-content\/uploads\/2023\/07\/Livacovic-Adim-Adim-Fenerbahceye-Dogru-1300x731.jpg 1300w, https:\/\/canlibahistahminlerim.com\/wp-content\/uploads\/2023\/07\/Livacovic-Adim-Adim-Fenerbahceye-Dogru-400x225.jpg 400w, https:\/\/canlibahistahminlerim.com\/wp-content\/uploads\/2023\/07\/Livacovic-Adim-Adim-Fenerbahceye-Dogru-768x432.jpg 768w, https:\/\/canlibahistahminlerim.com\/wp-content\/uploads\/2023\/07\/Livacovic-Adim-Adim-Fenerbahceye-Dogru.jpg 1536w\" sizes=\"(max-width: 1300px) 100vw, 1300px\" \/>\t\t\t\t\t\t\t\t<\/a>\n\t\t\t\t\t\t\t<\/div>\n\t\t\t\t\t\t\t<div class=\"post-image-mask\">\n\t\t\t\t\t\t\t\t<span><\/span>\n\t\t\t\t\t\t\t<\/div>\n\n\t\t\t\t\t\t\n\t\t\t\t\t<\/figure>\n\t\t\t\t\n\t\t\t\t\t\t\t\t\t\t\t\t<div class=\"post-date wd-post-date wd-style-with-bg\">\n\t\t\t\t<span class=\"post-date-day\">\n\t\t\t\t\t25\t\t\t\t<\/span>\n\t\t\t\t<span class=\"post-date-month\">\n\t\t\t\t\tTem\t\t\t\t<\/span>\n\t\t\t<\/div>\n\t\t\t\t\t\t\n\t\t\t<\/header><!-- .entry-header -->\n\n\t\t<div class=\"article-body-container\">\n\t\t\t\n\t\t\t\t\t\t\t\t\t<div class=\"meta-categories-wrapp\"><div class=\"meta-post-categories wd-post-cat wd-style-with-bg\"><a href=\"https:\/\/canlibahistahminlerim.com\/guncel-spor-haberleri\/\" rel=\"category tag\">G\u00dcNCEL SPOR HABERLER\u0130<\/a><\/div><\/div>\n\t\t\t\t\n\t\t\t\t\t\t\t\t\t<h3 class=\"wd-entities-title title post-title\">\n\t\t\t\t\t\t<a href=\"https:\/\/canlibahistahminlerim.com\/livakovic-adim-adim-fenerbahceye\/\" rel=\"bookmark\">Livakovi\u00e7 ad\u0131m ad\u0131m Fenerbah\u00e7e&#8217;ye<\/a>\n\t\t\t\t\t<\/h3>\n\t\t\t\t\n\t\t\t\t\t\t\t\t\t<div class=\"entry-meta wd-entry-meta\">\n\t\t\t\t\t\t\t\t\t<ul class=\"entry-meta-list\">\n\t\t\t\t\t\t\t\t\t<li class=\"modified-date\">\n\t\t\t\t\t\t\t\t<time class=\"updated\" datetime=\"2023-07-25T09:40:35+03:00\">\n\t\t\t25 Temmuz 2023\t\t<\/time>\n\t\t\t\t\t\t\t<\/li>\n\n\t\t\t\t\t\n\t\t\t\t\t\t\t\t\t\t\t<li class=\"meta-author\">\n\t\t\t\t\t\t\t\t\t\t\t\t<span>Taraf\u0131ndan<\/span>\n\t\t\n\t\t\t\t\t<img alt='author-avatar' src='https:\/\/secure.gravatar.com\/avatar\/7425033c41e2dfed89ffe1cc678c2a73?s=32&#038;d=mm&#038;r=g' srcset='https:\/\/secure.gravatar.com\/avatar\/7425033c41e2dfed89ffe1cc678c2a73?s=64&#038;d=mm&#038;r=g 2x' class='avatar avatar-32 photo' height='32' width='32' decoding='async'\/>\t\t\n\t\t<a href=\"https:\/\/canlibahistahminlerim.com\/author\/admin\/\" rel=\"author\">\n\t\t\t<span class=\"vcard author author_name\">\n\t\t\t\t<span class=\"fn\">BNSEO<\/span>\n\t\t\t<\/span>\n\t\t<\/a>\n\t\t\t\t\t\t\t\t<\/li>\n\t\t\t\t\t\n\t\t\t\t\t\n\t\t\t\t\t\t\t\t\t\t\t<li class=\"meta-reply\">\n\t\t\t\t\t\t\t<a href=\"https:\/\/canlibahistahminlerim.com\/livakovic-adim-adim-fenerbahceye\/#respond\"><span class=\"replies-count\">0<\/span> <span class=\"replies-count-label\">yorumlar<\/span><\/a>\t\t\t\t\t\t<\/li>\n\t\t\t\t\t\t\t\t\t\t\t\t<\/ul>\n\t\t\t\t\t\t\t<\/div><!-- .entry-meta -->\n\t\t\t\t\t\t\t\t\t\t\t<div class=\"hovered-social-icons wd-tltp wd-tltp-top\">\n\t\t\t\t\t\t\t<div class=\"wd-tooltip-label\">\n\t\t\t\t\t\t\t\t\n\t\t\t<div class=\" wd-social-icons icons-design-default icons-size-small color-scheme-light social-share social-form-circle text-center\">\n\n\t\t\t\t\n\t\t\t\t\t\t\t\t\t<a rel=\"noopener noreferrer nofollow\" href=\"https:\/\/www.facebook.com\/sharer\/sharer.php?u=https:\/\/canlibahistahminlerim.com\/livakovic-adim-adim-fenerbahceye\/\" target=\"_blank\" class=\" wd-social-icon social-facebook\" aria-label=\"Facebook sosyal ba\u011flant\u0131s\u0131\">\n\t\t\t\t\t\t<span class=\"wd-icon\"><\/span>\n\t\t\t\t\t\t\t\t\t\t\t<\/a>\n\t\t\t\t\n\t\t\t\t\t\t\t\t\t<a rel=\"noopener noreferrer nofollow\" href=\"https:\/\/x.com\/share?url=https:\/\/canlibahistahminlerim.com\/livakovic-adim-adim-fenerbahceye\/\" target=\"_blank\" class=\" wd-social-icon social-twitter\" aria-label=\"X social link\">\n\t\t\t\t\t\t<span class=\"wd-icon\"><\/span>\n\t\t\t\t\t\t\t\t\t\t\t<\/a>\n\t\t\t\t\n\t\t\t\t\n\t\t\t\t\n\t\t\t\t\n\t\t\t\t\t\t\t\t\t<a rel=\"noopener noreferrer nofollow\" href=\"https:\/\/pinterest.com\/pin\/create\/button\/?url=https:\/\/canlibahistahminlerim.com\/livakovic-adim-adim-fenerbahceye\/&media=https:\/\/canlibahistahminlerim.com\/wp-content\/uploads\/2023\/07\/Livacovic-Adim-Adim-Fenerbahceye-Dogru.jpg&description=Livakovi%C3%A7+ad%C4%B1m+ad%C4%B1m+Fenerbah%C3%A7e%26%238217%3Bye\" target=\"_blank\" class=\" wd-social-icon social-pinterest\" aria-label=\"Pinterest sosyal ba\u011flant\u0131s\u0131\">\n\t\t\t\t\t\t<span class=\"wd-icon\"><\/span>\n\t\t\t\t\t\t\t\t\t\t\t<\/a>\n\t\t\t\t\n\t\t\t\t\n\t\t\t\t\n\t\t\t\t\n\t\t\t\t\n\t\t\t\t\n\t\t\t\t\n\t\t\t\t\n\t\t\t\t\n\t\t\t\t\n\t\t\t\t\n\t\t\t\t\t\t\t\t\t<a rel=\"noopener noreferrer nofollow\" href=\"https:\/\/api.whatsapp.com\/send?text=https%3A%2F%2Fcanlibahistahminlerim.com%2Flivakovic-adim-adim-fenerbahceye%2F\" target=\"_blank\" class=\"whatsapp-desktop  wd-social-icon social-whatsapp\" aria-label=\"WhatsApp sosyal ba\u011flant\u0131s\u0131\">\n\t\t\t\t\t\t<span class=\"wd-icon\"><\/span>\n\t\t\t\t\t\t\t\t\t\t\t<\/a>\n\t\t\t\t\t\n\t\t\t\t\t<a rel=\"noopener noreferrer nofollow\" href=\"whatsapp:\/\/send?text=https%3A%2F%2Fcanlibahistahminlerim.com%2Flivakovic-adim-adim-fenerbahceye%2F\" target=\"_blank\" class=\"whatsapp-mobile  wd-social-icon social-whatsapp\" aria-label=\"WhatsApp sosyal ba\u011flant\u0131s\u0131\">\n\t\t\t\t\t\t<span class=\"wd-icon\"><\/span>\n\t\t\t\t\t\t\t\t\t\t\t<\/a>\n\t\t\t\t\n\t\t\t\t\t\t\t\t\n\t\t\t\t\t\t\t\t\n\t\t\t\t\n\t\t\t\t\n\t\t\t\t\t\t\t\t\t<a rel=\"noopener noreferrer nofollow\" href=\"https:\/\/telegram.me\/share\/url?url=https:\/\/canlibahistahminlerim.com\/livakovic-adim-adim-fenerbahceye\/\" target=\"_blank\" class=\" wd-social-icon social-tg\" aria-label=\"Telegram sosyal medya linki\">\n\t\t\t\t\t\t<span class=\"wd-icon\"><\/span>\n\t\t\t\t\t\t\t\t\t\t\t<\/a>\n\t\t\t\t\t\t\t\t\n\t\t\t\t\n\t\t\t<\/div>\n\n\t\t\t\t\t\t\t\t\t<\/div>\n\t\t\t\t\t\t<\/div>\n\t\t\t\t\t\t\t\t\t\t\t\t\n\t\t\t\t\t\t\t\n\t\t\t\t                    <div class=\"entry-content wd-entry-content\">\n\t\t\t\t\t\tLivakovi\u00e7 ad\u0131m ad\u0131m Fenerbah\u00e7e'ye. Fenerbah\u00e7e, kaleci aray\u0131\u015flar\u0131n\u0131 H\u0131rvatistan'\u0131n Dinamo Zagreb...\n\t\t\t\t\t\t\t\t\t\t\t<\/div><!-- .entry-content -->\n\t\t\t\t\n\t\t\t\t\t\t\t\t\t\t\t\t\t\t<p class=\"read-more-section\">\n\t\t\t\t\t\t<a class=\"btn-read-more more-link\" href=\"https:\/\/canlibahistahminlerim.com\/livakovic-adim-adim-fenerbahceye\/\">Okumaya devam et<\/a>\t\t\t\t\t<\/p>\n\t\t\t\t\t\t\t\t\t\t\t\n\t\t\t\n\t\t\t\t\t<\/div>\n\t<\/div>\n<\/article><!-- #post -->\n\n\n\t\t\t\t\t\t\t\t\t\t\t\n<article id=\"post-58314\" class=\"wd-post blog-design-masonry blog-post-loop blog-style-bg wd-add-shadow wd-col post-58314 post type-post status-publish format-standard has-post-thumbnail hentry category-guncel-spor-haberleri tag-zaha-galatasarayda\">\n\t<div class=\"article-inner\">\n\t\t\t\t\t<header class=\"entry-header\">\n\t\t\t\t\t\t\t\t\t<figure id=\"carousel-904\" class=\"entry-thumbnail\">\n\t\t\t\t\t\t\n\t\t\t\t\t\t\t<div class=\"post-img-wrapp\">\n\t\t\t\t\t\t\t\t<a href=\"https:\/\/canlibahistahminlerim.com\/zaha-galatasarayda\/\">\n\t\t\t\t\t\t\t\t\t<img width=\"1300\" height=\"731\" src=\"https:\/\/canlibahistahminlerim.com\/wp-content\/uploads\/2023\/07\/Zaha-Galatasarayda-1300x731.jpg\" class=\"attachment-large size-large\" alt=\"Zaha Galatasaray\u2019da\" decoding=\"async\" srcset=\"https:\/\/canlibahistahminlerim.com\/wp-content\/uploads\/2023\/07\/Zaha-Galatasarayda-1300x731.jpg 1300w, https:\/\/canlibahistahminlerim.com\/wp-content\/uploads\/2023\/07\/Zaha-Galatasarayda-400x225.jpg 400w, https:\/\/canlibahistahminlerim.com\/wp-content\/uploads\/2023\/07\/Zaha-Galatasarayda-768x432.jpg 768w, https:\/\/canlibahistahminlerim.com\/wp-content\/uploads\/2023\/07\/Zaha-Galatasarayda.jpg 1536w\" sizes=\"(max-width: 1300px) 100vw, 1300px\" \/>\t\t\t\t\t\t\t\t<\/a>\n\t\t\t\t\t\t\t<\/div>\n\t\t\t\t\t\t\t<div class=\"post-image-mask\">\n\t\t\t\t\t\t\t\t<span><\/span>\n\t\t\t\t\t\t\t<\/div>\n\n\t\t\t\t\t\t\n\t\t\t\t\t<\/figure>\n\t\t\t\t\n\t\t\t\t\t\t\t\t\t\t\t\t<div class=\"post-date wd-post-date wd-style-with-bg\">\n\t\t\t\t<span class=\"post-date-day\">\n\t\t\t\t\t25\t\t\t\t<\/span>\n\t\t\t\t<span class=\"post-date-month\">\n\t\t\t\t\tTem\t\t\t\t<\/span>\n\t\t\t<\/div>\n\t\t\t\t\t\t\n\t\t\t<\/header><!-- .entry-header -->\n\n\t\t<div class=\"article-body-container\">\n\t\t\t\n\t\t\t\t\t\t\t\t\t<div class=\"meta-categories-wrapp\"><div class=\"meta-post-categories wd-post-cat wd-style-with-bg\"><a href=\"https:\/\/canlibahistahminlerim.com\/guncel-spor-haberleri\/\" rel=\"category tag\">G\u00dcNCEL SPOR HABERLER\u0130<\/a><\/div><\/div>\n\t\t\t\t\n\t\t\t\t\t\t\t\t\t<h3 class=\"wd-entities-title title post-title\">\n\t\t\t\t\t\t<a href=\"https:\/\/canlibahistahminlerim.com\/zaha-galatasarayda\/\" rel=\"bookmark\">Zaha Galatasaray\u2019da<\/a>\n\t\t\t\t\t<\/h3>\n\t\t\t\t\n\t\t\t\t\t\t\t\t\t<div class=\"entry-meta wd-entry-meta\">\n\t\t\t\t\t\t\t\t\t<ul class=\"entry-meta-list\">\n\t\t\t\t\t\t\t\t\t<li class=\"modified-date\">\n\t\t\t\t\t\t\t\t<time class=\"updated\" datetime=\"2023-07-25T00:33:17+03:00\">\n\t\t\t25 Temmuz 2023\t\t<\/time>\n\t\t\t\t\t\t\t<\/li>\n\n\t\t\t\t\t\n\t\t\t\t\t\t\t\t\t\t\t<li class=\"meta-author\">\n\t\t\t\t\t\t\t\t\t\t\t\t<span>Taraf\u0131ndan<\/span>\n\t\t\n\t\t\t\t\t<img alt='author-avatar' src='https:\/\/secure.gravatar.com\/avatar\/7425033c41e2dfed89ffe1cc678c2a73?s=32&#038;d=mm&#038;r=g' srcset='https:\/\/secure.gravatar.com\/avatar\/7425033c41e2dfed89ffe1cc678c2a73?s=64&#038;d=mm&#038;r=g 2x' class='avatar avatar-32 photo' height='32' width='32' decoding='async'\/>\t\t\n\t\t<a href=\"https:\/\/canlibahistahminlerim.com\/author\/admin\/\" rel=\"author\">\n\t\t\t<span class=\"vcard author author_name\">\n\t\t\t\t<span class=\"fn\">BNSEO<\/span>\n\t\t\t<\/span>\n\t\t<\/a>\n\t\t\t\t\t\t\t\t<\/li>\n\t\t\t\t\t\n\t\t\t\t\t\n\t\t\t\t\t\t\t\t\t\t\t<li class=\"meta-reply\">\n\t\t\t\t\t\t\t<a href=\"https:\/\/canlibahistahminlerim.com\/zaha-galatasarayda\/#respond\"><span class=\"replies-count\">0<\/span> <span class=\"replies-count-label\">yorumlar<\/span><\/a>\t\t\t\t\t\t<\/li>\n\t\t\t\t\t\t\t\t\t\t\t\t<\/ul>\n\t\t\t\t\t\t\t<\/div><!-- .entry-meta -->\n\t\t\t\t\t\t\t\t\t\t\t<div class=\"hovered-social-icons wd-tltp wd-tltp-top\">\n\t\t\t\t\t\t\t<div class=\"wd-tooltip-label\">\n\t\t\t\t\t\t\t\t\n\t\t\t<div class=\" wd-social-icons icons-design-default icons-size-small color-scheme-light social-share social-form-circle text-center\">\n\n\t\t\t\t\n\t\t\t\t\t\t\t\t\t<a rel=\"noopener noreferrer nofollow\" href=\"https:\/\/www.facebook.com\/sharer\/sharer.php?u=https:\/\/canlibahistahminlerim.com\/zaha-galatasarayda\/\" target=\"_blank\" class=\" wd-social-icon social-facebook\" aria-label=\"Facebook sosyal ba\u011flant\u0131s\u0131\">\n\t\t\t\t\t\t<span class=\"wd-icon\"><\/span>\n\t\t\t\t\t\t\t\t\t\t\t<\/a>\n\t\t\t\t\n\t\t\t\t\t\t\t\t\t<a rel=\"noopener noreferrer nofollow\" href=\"https:\/\/x.com\/share?url=https:\/\/canlibahistahminlerim.com\/zaha-galatasarayda\/\" target=\"_blank\" class=\" wd-social-icon social-twitter\" aria-label=\"X social link\">\n\t\t\t\t\t\t<span class=\"wd-icon\"><\/span>\n\t\t\t\t\t\t\t\t\t\t\t<\/a>\n\t\t\t\t\n\t\t\t\t\n\t\t\t\t\n\t\t\t\t\n\t\t\t\t\t\t\t\t\t<a rel=\"noopener noreferrer nofollow\" href=\"https:\/\/pinterest.com\/pin\/create\/button\/?url=https:\/\/canlibahistahminlerim.com\/zaha-galatasarayda\/&media=https:\/\/canlibahistahminlerim.com\/wp-content\/uploads\/2023\/07\/Zaha-Galatasarayda.jpg&description=Zaha+Galatasaray%E2%80%99da\" target=\"_blank\" class=\" wd-social-icon social-pinterest\" aria-label=\"Pinterest sosyal ba\u011flant\u0131s\u0131\">\n\t\t\t\t\t\t<span class=\"wd-icon\"><\/span>\n\t\t\t\t\t\t\t\t\t\t\t<\/a>\n\t\t\t\t\n\t\t\t\t\n\t\t\t\t\n\t\t\t\t\n\t\t\t\t\n\t\t\t\t\n\t\t\t\t\n\t\t\t\t\n\t\t\t\t\n\t\t\t\t\n\t\t\t\t\n\t\t\t\t\t\t\t\t\t<a rel=\"noopener noreferrer nofollow\" href=\"https:\/\/api.whatsapp.com\/send?text=https%3A%2F%2Fcanlibahistahminlerim.com%2Fzaha-galatasarayda%2F\" target=\"_blank\" class=\"whatsapp-desktop  wd-social-icon social-whatsapp\" aria-label=\"WhatsApp sosyal ba\u011flant\u0131s\u0131\">\n\t\t\t\t\t\t<span class=\"wd-icon\"><\/span>\n\t\t\t\t\t\t\t\t\t\t\t<\/a>\n\t\t\t\t\t\n\t\t\t\t\t<a rel=\"noopener noreferrer nofollow\" href=\"whatsapp:\/\/send?text=https%3A%2F%2Fcanlibahistahminlerim.com%2Fzaha-galatasarayda%2F\" target=\"_blank\" class=\"whatsapp-mobile  wd-social-icon social-whatsapp\" aria-label=\"WhatsApp sosyal ba\u011flant\u0131s\u0131\">\n\t\t\t\t\t\t<span class=\"wd-icon\"><\/span>\n\t\t\t\t\t\t\t\t\t\t\t<\/a>\n\t\t\t\t\n\t\t\t\t\t\t\t\t\n\t\t\t\t\t\t\t\t\n\t\t\t\t\n\t\t\t\t\n\t\t\t\t\t\t\t\t\t<a rel=\"noopener noreferrer nofollow\" href=\"https:\/\/telegram.me\/share\/url?url=https:\/\/canlibahistahminlerim.com\/zaha-galatasarayda\/\" target=\"_blank\" class=\" wd-social-icon social-tg\" aria-label=\"Telegram sosyal medya linki\">\n\t\t\t\t\t\t<span class=\"wd-icon\"><\/span>\n\t\t\t\t\t\t\t\t\t\t\t<\/a>\n\t\t\t\t\t\t\t\t\n\t\t\t\t\n\t\t\t<\/div>\n\n\t\t\t\t\t\t\t\t\t<\/div>\n\t\t\t\t\t\t<\/div>\n\t\t\t\t\t\t\t\t\t\t\t\t\n\t\t\t\t\t\t\t\n\t\t\t\t                    <div class=\"entry-content wd-entry-content\">\n\t\t\t\t\t\tZaha Galatasaray\u2019da. Galatasaray ezeli rakibi Fenerbah\u00e7e\u2019nin 1,5 ayd\u0131r g\u00f6r\u00fc\u015ft\u00fc\u011f\u00fc ve...\n\t\t\t\t\t\t\t\t\t\t\t<\/div><!-- .entry-content -->\n\t\t\t\t\n\t\t\t\t\t\t\t\t\t\t\t\t\t\t<p class=\"read-more-section\">\n\t\t\t\t\t\t<a class=\"btn-read-more more-link\" href=\"https:\/\/canlibahistahminlerim.com\/zaha-galatasarayda\/\">Okumaya devam et<\/a>\t\t\t\t\t<\/p>\n\t\t\t\t\t\t\t\t\t\t\t\n\t\t\t\n\t\t\t\t\t<\/div>\n\t<\/div>\n<\/article><!-- #post -->\n\n\n\t\t\t\t\t\t\t\t\t\t\t\n<article id=\"post-58315\" class=\"wd-post blog-design-masonry blog-post-loop blog-style-bg wd-add-shadow wd-col post-58315 post type-post status-publish format-standard has-post-thumbnail hentry category-guncel-spor-haberleri\">\n\t<div class=\"article-inner\">\n\t\t\t\t\t<header class=\"entry-header\">\n\t\t\t\t\t\t\t\t\t<figure id=\"carousel-533\" class=\"entry-thumbnail\">\n\t\t\t\t\t\t\n\t\t\t\t\t\t\t<div class=\"post-img-wrapp\">\n\t\t\t\t\t\t\t\t<a href=\"https:\/\/canlibahistahminlerim.com\/lyanco\/\">\n\t\t\t\t\t\t\t\t\t<img width=\"1300\" height=\"731\" src=\"https:\/\/canlibahistahminlerim.com\/wp-content\/uploads\/2023\/07\/Besiktas-Lyanco-Transferinden-Vazgecti-1300x731.jpg\" class=\"attachment-large size-large\" alt=\"Be\u015fikta\u015f Lyanco Transferinden Vazge\u00e7ti!\" decoding=\"async\" srcset=\"https:\/\/canlibahistahminlerim.com\/wp-content\/uploads\/2023\/07\/Besiktas-Lyanco-Transferinden-Vazgecti-1300x731.jpg 1300w, https:\/\/canlibahistahminlerim.com\/wp-content\/uploads\/2023\/07\/Besiktas-Lyanco-Transferinden-Vazgecti-400x225.jpg 400w, https:\/\/canlibahistahminlerim.com\/wp-content\/uploads\/2023\/07\/Besiktas-Lyanco-Transferinden-Vazgecti-768x432.jpg 768w, https:\/\/canlibahistahminlerim.com\/wp-content\/uploads\/2023\/07\/Besiktas-Lyanco-Transferinden-Vazgecti.jpg 1536w\" sizes=\"(max-width: 1300px) 100vw, 1300px\" \/>\t\t\t\t\t\t\t\t<\/a>\n\t\t\t\t\t\t\t<\/div>\n\t\t\t\t\t\t\t<div class=\"post-image-mask\">\n\t\t\t\t\t\t\t\t<span><\/span>\n\t\t\t\t\t\t\t<\/div>\n\n\t\t\t\t\t\t\n\t\t\t\t\t<\/figure>\n\t\t\t\t\n\t\t\t\t\t\t\t\t\t\t\t\t<div class=\"post-date wd-post-date wd-style-with-bg\">\n\t\t\t\t<span class=\"post-date-day\">\n\t\t\t\t\t25\t\t\t\t<\/span>\n\t\t\t\t<span class=\"post-date-month\">\n\t\t\t\t\tTem\t\t\t\t<\/span>\n\t\t\t<\/div>\n\t\t\t\t\t\t\n\t\t\t<\/header><!-- .entry-header -->\n\n\t\t<div class=\"article-body-container\">\n\t\t\t\n\t\t\t\t\t\t\t\t\t<div class=\"meta-categories-wrapp\"><div class=\"meta-post-categories wd-post-cat wd-style-with-bg\"><a href=\"https:\/\/canlibahistahminlerim.com\/guncel-spor-haberleri\/\" rel=\"category tag\">G\u00dcNCEL SPOR HABERLER\u0130<\/a><\/div><\/div>\n\t\t\t\t\n\t\t\t\t\t\t\t\t\t<h3 class=\"wd-entities-title title post-title\">\n\t\t\t\t\t\t<a href=\"https:\/\/canlibahistahminlerim.com\/lyanco\/\" rel=\"bookmark\">Be\u015fikta\u015f Lyanco Transferinden Vazge\u00e7ti!<\/a>\n\t\t\t\t\t<\/h3>\n\t\t\t\t\n\t\t\t\t\t\t\t\t\t<div class=\"entry-meta wd-entry-meta\">\n\t\t\t\t\t\t\t\t\t<ul class=\"entry-meta-list\">\n\t\t\t\t\t\t\t\t\t<li class=\"modified-date\">\n\t\t\t\t\t\t\t\t<time class=\"updated\" datetime=\"2023-07-25T00:31:35+03:00\">\n\t\t\t25 Temmuz 2023\t\t<\/time>\n\t\t\t\t\t\t\t<\/li>\n\n\t\t\t\t\t\n\t\t\t\t\t\t\t\t\t\t\t<li class=\"meta-author\">\n\t\t\t\t\t\t\t\t\t\t\t\t<span>Taraf\u0131ndan<\/span>\n\t\t\n\t\t\t\t\t<img alt='author-avatar' src='https:\/\/secure.gravatar.com\/avatar\/7425033c41e2dfed89ffe1cc678c2a73?s=32&#038;d=mm&#038;r=g' srcset='https:\/\/secure.gravatar.com\/avatar\/7425033c41e2dfed89ffe1cc678c2a73?s=64&#038;d=mm&#038;r=g 2x' class='avatar avatar-32 photo' height='32' width='32' decoding='async'\/>\t\t\n\t\t<a href=\"https:\/\/canlibahistahminlerim.com\/author\/admin\/\" rel=\"author\">\n\t\t\t<span class=\"vcard author author_name\">\n\t\t\t\t<span class=\"fn\">BNSEO<\/span>\n\t\t\t<\/span>\n\t\t<\/a>\n\t\t\t\t\t\t\t\t<\/li>\n\t\t\t\t\t\n\t\t\t\t\t\n\t\t\t\t\t\t\t\t\t\t\t<li class=\"meta-reply\">\n\t\t\t\t\t\t\t<a href=\"https:\/\/canlibahistahminlerim.com\/lyanco\/#respond\"><span class=\"replies-count\">0<\/span> <span class=\"replies-count-label\">yorumlar<\/span><\/a>\t\t\t\t\t\t<\/li>\n\t\t\t\t\t\t\t\t\t\t\t\t<\/ul>\n\t\t\t\t\t\t\t<\/div><!-- .entry-meta -->\n\t\t\t\t\t\t\t\t\t\t\t<div class=\"hovered-social-icons wd-tltp wd-tltp-top\">\n\t\t\t\t\t\t\t<div class=\"wd-tooltip-label\">\n\t\t\t\t\t\t\t\t\n\t\t\t<div class=\" wd-social-icons icons-design-default icons-size-small color-scheme-light social-share social-form-circle text-center\">\n\n\t\t\t\t\n\t\t\t\t\t\t\t\t\t<a rel=\"noopener noreferrer nofollow\" href=\"https:\/\/www.facebook.com\/sharer\/sharer.php?u=https:\/\/canlibahistahminlerim.com\/lyanco\/\" target=\"_blank\" class=\" wd-social-icon social-facebook\" aria-label=\"Facebook sosyal ba\u011flant\u0131s\u0131\">\n\t\t\t\t\t\t<span class=\"wd-icon\"><\/span>\n\t\t\t\t\t\t\t\t\t\t\t<\/a>\n\t\t\t\t\n\t\t\t\t\t\t\t\t\t<a rel=\"noopener noreferrer nofollow\" href=\"https:\/\/x.com\/share?url=https:\/\/canlibahistahminlerim.com\/lyanco\/\" target=\"_blank\" class=\" wd-social-icon social-twitter\" aria-label=\"X social link\">\n\t\t\t\t\t\t<span class=\"wd-icon\"><\/span>\n\t\t\t\t\t\t\t\t\t\t\t<\/a>\n\t\t\t\t\n\t\t\t\t\n\t\t\t\t\n\t\t\t\t\n\t\t\t\t\t\t\t\t\t<a rel=\"noopener noreferrer nofollow\" href=\"https:\/\/pinterest.com\/pin\/create\/button\/?url=https:\/\/canlibahistahminlerim.com\/lyanco\/&media=https:\/\/canlibahistahminlerim.com\/wp-content\/uploads\/2023\/07\/Besiktas-Lyanco-Transferinden-Vazgecti.jpg&description=Be%C5%9Fikta%C5%9F+Lyanco+Transferinden+Vazge%C3%A7ti%21\" target=\"_blank\" class=\" wd-social-icon social-pinterest\" aria-label=\"Pinterest sosyal ba\u011flant\u0131s\u0131\">\n\t\t\t\t\t\t<span class=\"wd-icon\"><\/span>\n\t\t\t\t\t\t\t\t\t\t\t<\/a>\n\t\t\t\t\n\t\t\t\t\n\t\t\t\t\n\t\t\t\t\n\t\t\t\t\n\t\t\t\t\n\t\t\t\t\n\t\t\t\t\n\t\t\t\t\n\t\t\t\t\n\t\t\t\t\n\t\t\t\t\t\t\t\t\t<a rel=\"noopener noreferrer nofollow\" href=\"https:\/\/api.whatsapp.com\/send?text=https%3A%2F%2Fcanlibahistahminlerim.com%2Flyanco%2F\" target=\"_blank\" class=\"whatsapp-desktop  wd-social-icon social-whatsapp\" aria-label=\"WhatsApp sosyal ba\u011flant\u0131s\u0131\">\n\t\t\t\t\t\t<span class=\"wd-icon\"><\/span>\n\t\t\t\t\t\t\t\t\t\t\t<\/a>\n\t\t\t\t\t\n\t\t\t\t\t<a rel=\"noopener noreferrer nofollow\" href=\"whatsapp:\/\/send?text=https%3A%2F%2Fcanlibahistahminlerim.com%2Flyanco%2F\" target=\"_blank\" class=\"whatsapp-mobile  wd-social-icon social-whatsapp\" aria-label=\"WhatsApp sosyal ba\u011flant\u0131s\u0131\">\n\t\t\t\t\t\t<span class=\"wd-icon\"><\/span>\n\t\t\t\t\t\t\t\t\t\t\t<\/a>\n\t\t\t\t\n\t\t\t\t\t\t\t\t\n\t\t\t\t\t\t\t\t\n\t\t\t\t\n\t\t\t\t\n\t\t\t\t\t\t\t\t\t<a rel=\"noopener noreferrer nofollow\" href=\"https:\/\/telegram.me\/share\/url?url=https:\/\/canlibahistahminlerim.com\/lyanco\/\" target=\"_blank\" class=\" wd-social-icon social-tg\" aria-label=\"Telegram sosyal medya linki\">\n\t\t\t\t\t\t<span class=\"wd-icon\"><\/span>\n\t\t\t\t\t\t\t\t\t\t\t<\/a>\n\t\t\t\t\t\t\t\t\n\t\t\t\t\n\t\t\t<\/div>\n\n\t\t\t\t\t\t\t\t\t<\/div>\n\t\t\t\t\t\t<\/div>\n\t\t\t\t\t\t\t\t\t\t\t\t\n\t\t\t\t\t\t\t\n\t\t\t\t                    <div class=\"entry-content wd-entry-content\">\n\t\t\t\t\t\tBe\u015fikta\u015f Lyanco Transferinden Vazge\u00e7ti! Be\u015fikta\u015f b\u00fcy\u00fck umutlarla transfer etti\u011fi ve...\n\t\t\t\t\t\t\t\t\t\t\t<\/div><!-- .entry-content -->\n\t\t\t\t\n\t\t\t\t\t\t\t\t\t\t\t\t\t\t<p class=\"read-more-section\">\n\t\t\t\t\t\t<a class=\"btn-read-more more-link\" href=\"https:\/\/canlibahistahminlerim.com\/lyanco\/\">Okumaya devam et<\/a>\t\t\t\t\t<\/p>\n\t\t\t\t\t\t\t\t\t\t\t\n\t\t\t\n\t\t\t\t\t<\/div>\n\t<\/div>\n<\/article><!-- #post -->\n\n\n\t\t\t\t\t\t\t\t\t\t\t\n<article id=\"post-58313\" class=\"wd-post blog-design-masonry blog-post-loop blog-style-bg wd-add-shadow wd-col post-58313 post type-post status-publish format-standard has-post-thumbnail hentry category-guncel-spor-haberleri tag-atilla-szalai tag-atilla-szalai-hoffenheim-ile-anlasti\">\n\t<div class=\"article-inner\">\n\t\t\t\t\t<header class=\"entry-header\">\n\t\t\t\t\t\t\t\t\t<figure id=\"carousel-524\" class=\"entry-thumbnail\">\n\t\t\t\t\t\t\n\t\t\t\t\t\t\t<div class=\"post-img-wrapp\">\n\t\t\t\t\t\t\t\t<a href=\"https:\/\/canlibahistahminlerim.com\/atilla-szalai-hoffenheim-ile-anlasti\/\">\n\t\t\t\t\t\t\t\t\t<img width=\"1300\" height=\"731\" src=\"https:\/\/canlibahistahminlerim.com\/wp-content\/uploads\/2023\/07\/Atilla-Szalai-Hoffenheim-Ile-Anlasti-1300x731.jpg\" class=\"attachment-large size-large\" alt=\"Atilla Szalai Hoffenheim ile Anla\u015ft\u0131!\" decoding=\"async\" srcset=\"https:\/\/canlibahistahminlerim.com\/wp-content\/uploads\/2023\/07\/Atilla-Szalai-Hoffenheim-Ile-Anlasti-1300x731.jpg 1300w, https:\/\/canlibahistahminlerim.com\/wp-content\/uploads\/2023\/07\/Atilla-Szalai-Hoffenheim-Ile-Anlasti-400x225.jpg 400w, https:\/\/canlibahistahminlerim.com\/wp-content\/uploads\/2023\/07\/Atilla-Szalai-Hoffenheim-Ile-Anlasti-768x432.jpg 768w, https:\/\/canlibahistahminlerim.com\/wp-content\/uploads\/2023\/07\/Atilla-Szalai-Hoffenheim-Ile-Anlasti.jpg 1536w\" sizes=\"(max-width: 1300px) 100vw, 1300px\" \/>\t\t\t\t\t\t\t\t<\/a>\n\t\t\t\t\t\t\t<\/div>\n\t\t\t\t\t\t\t<div class=\"post-image-mask\">\n\t\t\t\t\t\t\t\t<span><\/span>\n\t\t\t\t\t\t\t<\/div>\n\n\t\t\t\t\t\t\n\t\t\t\t\t<\/figure>\n\t\t\t\t\n\t\t\t\t\t\t\t\t\t\t\t\t<div class=\"post-date wd-post-date wd-style-with-bg\">\n\t\t\t\t<span class=\"post-date-day\">\n\t\t\t\t\t25\t\t\t\t<\/span>\n\t\t\t\t<span class=\"post-date-month\">\n\t\t\t\t\tTem\t\t\t\t<\/span>\n\t\t\t<\/div>\n\t\t\t\t\t\t\n\t\t\t<\/header><!-- .entry-header -->\n\n\t\t<div class=\"article-body-container\">\n\t\t\t\n\t\t\t\t\t\t\t\t\t<div class=\"meta-categories-wrapp\"><div class=\"meta-post-categories wd-post-cat wd-style-with-bg\"><a href=\"https:\/\/canlibahistahminlerim.com\/guncel-spor-haberleri\/\" rel=\"category tag\">G\u00dcNCEL SPOR HABERLER\u0130<\/a><\/div><\/div>\n\t\t\t\t\n\t\t\t\t\t\t\t\t\t<h3 class=\"wd-entities-title title post-title\">\n\t\t\t\t\t\t<a href=\"https:\/\/canlibahistahminlerim.com\/atilla-szalai-hoffenheim-ile-anlasti\/\" rel=\"bookmark\">Atilla Szalai Hoffenheim ile Anla\u015ft\u0131!<\/a>\n\t\t\t\t\t<\/h3>\n\t\t\t\t\n\t\t\t\t\t\t\t\t\t<div class=\"entry-meta wd-entry-meta\">\n\t\t\t\t\t\t\t\t\t<ul class=\"entry-meta-list\">\n\t\t\t\t\t\t\t\t\t<li class=\"modified-date\">\n\t\t\t\t\t\t\t\t<time class=\"updated\" datetime=\"2023-07-25T00:26:54+03:00\">\n\t\t\t25 Temmuz 2023\t\t<\/time>\n\t\t\t\t\t\t\t<\/li>\n\n\t\t\t\t\t\n\t\t\t\t\t\t\t\t\t\t\t<li class=\"meta-author\">\n\t\t\t\t\t\t\t\t\t\t\t\t<span>Taraf\u0131ndan<\/span>\n\t\t\n\t\t\t\t\t<img alt='author-avatar' src='https:\/\/secure.gravatar.com\/avatar\/7425033c41e2dfed89ffe1cc678c2a73?s=32&#038;d=mm&#038;r=g' srcset='https:\/\/secure.gravatar.com\/avatar\/7425033c41e2dfed89ffe1cc678c2a73?s=64&#038;d=mm&#038;r=g 2x' class='avatar avatar-32 photo' height='32' width='32' decoding='async'\/>\t\t\n\t\t<a href=\"https:\/\/canlibahistahminlerim.com\/author\/admin\/\" rel=\"author\">\n\t\t\t<span class=\"vcard author author_name\">\n\t\t\t\t<span class=\"fn\">BNSEO<\/span>\n\t\t\t<\/span>\n\t\t<\/a>\n\t\t\t\t\t\t\t\t<\/li>\n\t\t\t\t\t\n\t\t\t\t\t\n\t\t\t\t\t\t\t\t\t\t\t<li class=\"meta-reply\">\n\t\t\t\t\t\t\t<a href=\"https:\/\/canlibahistahminlerim.com\/atilla-szalai-hoffenheim-ile-anlasti\/#respond\"><span class=\"replies-count\">0<\/span> <span class=\"replies-count-label\">yorumlar<\/span><\/a>\t\t\t\t\t\t<\/li>\n\t\t\t\t\t\t\t\t\t\t\t\t<\/ul>\n\t\t\t\t\t\t\t<\/div><!-- .entry-meta -->\n\t\t\t\t\t\t\t\t\t\t\t<div class=\"hovered-social-icons wd-tltp wd-tltp-top\">\n\t\t\t\t\t\t\t<div class=\"wd-tooltip-label\">\n\t\t\t\t\t\t\t\t\n\t\t\t<div class=\" wd-social-icons icons-design-default icons-size-small color-scheme-light social-share social-form-circle text-center\">\n\n\t\t\t\t\n\t\t\t\t\t\t\t\t\t<a rel=\"noopener noreferrer nofollow\" href=\"https:\/\/www.facebook.com\/sharer\/sharer.php?u=https:\/\/canlibahistahminlerim.com\/atilla-szalai-hoffenheim-ile-anlasti\/\" target=\"_blank\" class=\" wd-social-icon social-facebook\" aria-label=\"Facebook sosyal ba\u011flant\u0131s\u0131\">\n\t\t\t\t\t\t<span class=\"wd-icon\"><\/span>\n\t\t\t\t\t\t\t\t\t\t\t<\/a>\n\t\t\t\t\n\t\t\t\t\t\t\t\t\t<a rel=\"noopener noreferrer nofollow\" href=\"https:\/\/x.com\/share?url=https:\/\/canlibahistahminlerim.com\/atilla-szalai-hoffenheim-ile-anlasti\/\" target=\"_blank\" class=\" wd-social-icon social-twitter\" aria-label=\"X social link\">\n\t\t\t\t\t\t<span class=\"wd-icon\"><\/span>\n\t\t\t\t\t\t\t\t\t\t\t<\/a>\n\t\t\t\t\n\t\t\t\t\n\t\t\t\t\n\t\t\t\t\n\t\t\t\t\t\t\t\t\t<a rel=\"noopener noreferrer nofollow\" href=\"https:\/\/pinterest.com\/pin\/create\/button\/?url=https:\/\/canlibahistahminlerim.com\/atilla-szalai-hoffenheim-ile-anlasti\/&media=https:\/\/canlibahistahminlerim.com\/wp-content\/uploads\/2023\/07\/Atilla-Szalai-Hoffenheim-Ile-Anlasti.jpg&description=Atilla+Szalai+Hoffenheim+ile+Anla%C5%9Ft%C4%B1%21\" target=\"_blank\" class=\" wd-social-icon social-pinterest\" aria-label=\"Pinterest sosyal ba\u011flant\u0131s\u0131\">\n\t\t\t\t\t\t<span class=\"wd-icon\"><\/span>\n\t\t\t\t\t\t\t\t\t\t\t<\/a>\n\t\t\t\t\n\t\t\t\t\n\t\t\t\t\n\t\t\t\t\n\t\t\t\t\n\t\t\t\t\n\t\t\t\t\n\t\t\t\t\n\t\t\t\t\n\t\t\t\t\n\t\t\t\t\n\t\t\t\t\t\t\t\t\t<a rel=\"noopener noreferrer nofollow\" href=\"https:\/\/api.whatsapp.com\/send?text=https%3A%2F%2Fcanlibahistahminlerim.com%2Fatilla-szalai-hoffenheim-ile-anlasti%2F\" target=\"_blank\" class=\"whatsapp-desktop  wd-social-icon social-whatsapp\" aria-label=\"WhatsApp sosyal ba\u011flant\u0131s\u0131\">\n\t\t\t\t\t\t<span class=\"wd-icon\"><\/span>\n\t\t\t\t\t\t\t\t\t\t\t<\/a>\n\t\t\t\t\t\n\t\t\t\t\t<a rel=\"noopener noreferrer nofollow\" href=\"whatsapp:\/\/send?text=https%3A%2F%2Fcanlibahistahminlerim.com%2Fatilla-szalai-hoffenheim-ile-anlasti%2F\" target=\"_blank\" class=\"whatsapp-mobile  wd-social-icon social-whatsapp\" aria-label=\"WhatsApp sosyal ba\u011flant\u0131s\u0131\">\n\t\t\t\t\t\t<span class=\"wd-icon\"><\/span>\n\t\t\t\t\t\t\t\t\t\t\t<\/a>\n\t\t\t\t\n\t\t\t\t\t\t\t\t\n\t\t\t\t\t\t\t\t\n\t\t\t\t\n\t\t\t\t\n\t\t\t\t\t\t\t\t\t<a rel=\"noopener noreferrer nofollow\" href=\"https:\/\/telegram.me\/share\/url?url=https:\/\/canlibahistahminlerim.com\/atilla-szalai-hoffenheim-ile-anlasti\/\" target=\"_blank\" class=\" wd-social-icon social-tg\" aria-label=\"Telegram sosyal medya linki\">\n\t\t\t\t\t\t<span class=\"wd-icon\"><\/span>\n\t\t\t\t\t\t\t\t\t\t\t<\/a>\n\t\t\t\t\t\t\t\t\n\t\t\t\t\n\t\t\t<\/div>\n\n\t\t\t\t\t\t\t\t\t<\/div>\n\t\t\t\t\t\t<\/div>\n\t\t\t\t\t\t\t\t\t\t\t\t\n\t\t\t\t\t\t\t\n\t\t\t\t                    <div class=\"entry-content wd-entry-content\">\n\t\t\t\t\t\tAtilla Szalai Hoffenheim ile Anla\u015ft\u0131! Fenerbah\u00e7e\u2019nin ba\u015far\u0131l\u0131 savunma oyuncusu 12,3...\n\t\t\t\t\t\t\t\t\t\t\t<\/div><!-- .entry-content -->\n\t\t\t\t\n\t\t\t\t\t\t\t\t\t\t\t\t\t\t<p class=\"read-more-section\">\n\t\t\t\t\t\t<a class=\"btn-read-more more-link\" href=\"https:\/\/canlibahistahminlerim.com\/atilla-szalai-hoffenheim-ile-anlasti\/\">Okumaya devam et<\/a>\t\t\t\t\t<\/p>\n\t\t\t\t\t\t\t\t\t\t\t\n\t\t\t\n\t\t\t\t\t<\/div>\n\t<\/div>\n<\/article><!-- #post -->\n\n\n\t\t\t\t\t\t\t\t\t\t\t\n<article id=\"post-58312\" class=\"wd-post blog-design-masonry blog-post-loop blog-style-bg wd-add-shadow wd-col post-58312 post type-post status-publish format-standard has-post-thumbnail hentry category-guncel-spor-haberleri tag-ugurcan-cakir-galatasaraya-dogru\">\n\t<div class=\"article-inner\">\n\t\t\t\t\t<header class=\"entry-header\">\n\t\t\t\t\t\t\t\t\t<figure id=\"carousel-814\" class=\"entry-thumbnail\">\n\t\t\t\t\t\t\n\t\t\t\t\t\t\t<div class=\"post-img-wrapp\">\n\t\t\t\t\t\t\t\t<a href=\"https:\/\/canlibahistahminlerim.com\/ugurcan-cakir-galatasaraya-dogru\/\">\n\t\t\t\t\t\t\t\t\t<img width=\"1300\" height=\"731\" src=\"https:\/\/canlibahistahminlerim.com\/wp-content\/uploads\/2023\/07\/Ugurcan-Cakir-Galatasaraya-Dogru-1300x731.jpg\" class=\"attachment-large size-large\" alt=\"U\u011furcan \u00c7ak\u0131r Galatasaray\u2019a Do\u011fru\" decoding=\"async\" srcset=\"https:\/\/canlibahistahminlerim.com\/wp-content\/uploads\/2023\/07\/Ugurcan-Cakir-Galatasaraya-Dogru-1300x731.jpg 1300w, https:\/\/canlibahistahminlerim.com\/wp-content\/uploads\/2023\/07\/Ugurcan-Cakir-Galatasaraya-Dogru-400x225.jpg 400w, https:\/\/canlibahistahminlerim.com\/wp-content\/uploads\/2023\/07\/Ugurcan-Cakir-Galatasaraya-Dogru-768x432.jpg 768w, https:\/\/canlibahistahminlerim.com\/wp-content\/uploads\/2023\/07\/Ugurcan-Cakir-Galatasaraya-Dogru.jpg 1536w\" sizes=\"(max-width: 1300px) 100vw, 1300px\" \/>\t\t\t\t\t\t\t\t<\/a>\n\t\t\t\t\t\t\t<\/div>\n\t\t\t\t\t\t\t<div class=\"post-image-mask\">\n\t\t\t\t\t\t\t\t<span><\/span>\n\t\t\t\t\t\t\t<\/div>\n\n\t\t\t\t\t\t\n\t\t\t\t\t<\/figure>\n\t\t\t\t\n\t\t\t\t\t\t\t\t\t\t\t\t<div class=\"post-date wd-post-date wd-style-with-bg\">\n\t\t\t\t<span class=\"post-date-day\">\n\t\t\t\t\t25\t\t\t\t<\/span>\n\t\t\t\t<span class=\"post-date-month\">\n\t\t\t\t\tTem\t\t\t\t<\/span>\n\t\t\t<\/div>\n\t\t\t\t\t\t\n\t\t\t<\/header><!-- .entry-header -->\n\n\t\t<div class=\"article-body-container\">\n\t\t\t\n\t\t\t\t\t\t\t\t\t<div class=\"meta-categories-wrapp\"><div class=\"meta-post-categories wd-post-cat wd-style-with-bg\"><a href=\"https:\/\/canlibahistahminlerim.com\/guncel-spor-haberleri\/\" rel=\"category tag\">G\u00dcNCEL SPOR HABERLER\u0130<\/a><\/div><\/div>\n\t\t\t\t\n\t\t\t\t\t\t\t\t\t<h3 class=\"wd-entities-title title post-title\">\n\t\t\t\t\t\t<a href=\"https:\/\/canlibahistahminlerim.com\/ugurcan-cakir-galatasaraya-dogru\/\" rel=\"bookmark\">U\u011furcan \u00c7ak\u0131r Galatasaray\u2019a Do\u011fru<\/a>\n\t\t\t\t\t<\/h3>\n\t\t\t\t\n\t\t\t\t\t\t\t\t\t<div class=\"entry-meta wd-entry-meta\">\n\t\t\t\t\t\t\t\t\t<ul class=\"entry-meta-list\">\n\t\t\t\t\t\t\t\t\t<li class=\"modified-date\">\n\t\t\t\t\t\t\t\t<time class=\"updated\" datetime=\"2023-07-25T00:20:27+03:00\">\n\t\t\t25 Temmuz 2023\t\t<\/time>\n\t\t\t\t\t\t\t<\/li>\n\n\t\t\t\t\t\n\t\t\t\t\t\t\t\t\t\t\t<li class=\"meta-author\">\n\t\t\t\t\t\t\t\t\t\t\t\t<span>Taraf\u0131ndan<\/span>\n\t\t\n\t\t\t\t\t<img alt='author-avatar' src='https:\/\/secure.gravatar.com\/avatar\/7425033c41e2dfed89ffe1cc678c2a73?s=32&#038;d=mm&#038;r=g' srcset='https:\/\/secure.gravatar.com\/avatar\/7425033c41e2dfed89ffe1cc678c2a73?s=64&#038;d=mm&#038;r=g 2x' class='avatar avatar-32 photo' height='32' width='32' decoding='async'\/>\t\t\n\t\t<a href=\"https:\/\/canlibahistahminlerim.com\/author\/admin\/\" rel=\"author\">\n\t\t\t<span class=\"vcard author author_name\">\n\t\t\t\t<span class=\"fn\">BNSEO<\/span>\n\t\t\t<\/span>\n\t\t<\/a>\n\t\t\t\t\t\t\t\t<\/li>\n\t\t\t\t\t\n\t\t\t\t\t\n\t\t\t\t\t\t\t\t\t\t\t<li class=\"meta-reply\">\n\t\t\t\t\t\t\t<a href=\"https:\/\/canlibahistahminlerim.com\/ugurcan-cakir-galatasaraya-dogru\/#respond\"><span class=\"replies-count\">0<\/span> <span class=\"replies-count-label\">yorumlar<\/span><\/a>\t\t\t\t\t\t<\/li>\n\t\t\t\t\t\t\t\t\t\t\t\t<\/ul>\n\t\t\t\t\t\t\t<\/div><!-- .entry-meta -->\n\t\t\t\t\t\t\t\t\t\t\t<div class=\"hovered-social-icons wd-tltp wd-tltp-top\">\n\t\t\t\t\t\t\t<div class=\"wd-tooltip-label\">\n\t\t\t\t\t\t\t\t\n\t\t\t<div class=\" wd-social-icons icons-design-default icons-size-small color-scheme-light social-share social-form-circle text-center\">\n\n\t\t\t\t\n\t\t\t\t\t\t\t\t\t<a rel=\"noopener noreferrer nofollow\" href=\"https:\/\/www.facebook.com\/sharer\/sharer.php?u=https:\/\/canlibahistahminlerim.com\/ugurcan-cakir-galatasaraya-dogru\/\" target=\"_blank\" class=\" wd-social-icon social-facebook\" aria-label=\"Facebook sosyal ba\u011flant\u0131s\u0131\">\n\t\t\t\t\t\t<span class=\"wd-icon\"><\/span>\n\t\t\t\t\t\t\t\t\t\t\t<\/a>\n\t\t\t\t\n\t\t\t\t\t\t\t\t\t<a rel=\"noopener noreferrer nofollow\" href=\"https:\/\/x.com\/share?url=https:\/\/canlibahistahminlerim.com\/ugurcan-cakir-galatasaraya-dogru\/\" target=\"_blank\" class=\" wd-social-icon social-twitter\" aria-label=\"X social link\">\n\t\t\t\t\t\t<span class=\"wd-icon\"><\/span>\n\t\t\t\t\t\t\t\t\t\t\t<\/a>\n\t\t\t\t\n\t\t\t\t\n\t\t\t\t\n\t\t\t\t\n\t\t\t\t\t\t\t\t\t<a rel=\"noopener noreferrer nofollow\" href=\"https:\/\/pinterest.com\/pin\/create\/button\/?url=https:\/\/canlibahistahminlerim.com\/ugurcan-cakir-galatasaraya-dogru\/&media=https:\/\/canlibahistahminlerim.com\/wp-content\/uploads\/2023\/07\/Ugurcan-Cakir-Galatasaraya-Dogru.jpg&description=U%C4%9Furcan+%C3%87ak%C4%B1r+Galatasaray%E2%80%99a+Do%C4%9Fru\" target=\"_blank\" class=\" wd-social-icon social-pinterest\" aria-label=\"Pinterest sosyal ba\u011flant\u0131s\u0131\">\n\t\t\t\t\t\t<span class=\"wd-icon\"><\/span>\n\t\t\t\t\t\t\t\t\t\t\t<\/a>\n\t\t\t\t\n\t\t\t\t\n\t\t\t\t\n\t\t\t\t\n\t\t\t\t\n\t\t\t\t\n\t\t\t\t\n\t\t\t\t\n\t\t\t\t\n\t\t\t\t\n\t\t\t\t\n\t\t\t\t\t\t\t\t\t<a rel=\"noopener noreferrer nofollow\" href=\"https:\/\/api.whatsapp.com\/send?text=https%3A%2F%2Fcanlibahistahminlerim.com%2Fugurcan-cakir-galatasaraya-dogru%2F\" target=\"_blank\" class=\"whatsapp-desktop  wd-social-icon social-whatsapp\" aria-label=\"WhatsApp sosyal ba\u011flant\u0131s\u0131\">\n\t\t\t\t\t\t<span class=\"wd-icon\"><\/span>\n\t\t\t\t\t\t\t\t\t\t\t<\/a>\n\t\t\t\t\t\n\t\t\t\t\t<a rel=\"noopener noreferrer nofollow\" href=\"whatsapp:\/\/send?text=https%3A%2F%2Fcanlibahistahminlerim.com%2Fugurcan-cakir-galatasaraya-dogru%2F\" target=\"_blank\" class=\"whatsapp-mobile  wd-social-icon social-whatsapp\" aria-label=\"WhatsApp sosyal ba\u011flant\u0131s\u0131\">\n\t\t\t\t\t\t<span class=\"wd-icon\"><\/span>\n\t\t\t\t\t\t\t\t\t\t\t<\/a>\n\t\t\t\t\n\t\t\t\t\t\t\t\t\n\t\t\t\t\t\t\t\t\n\t\t\t\t\n\t\t\t\t\n\t\t\t\t\t\t\t\t\t<a rel=\"noopener noreferrer nofollow\" href=\"https:\/\/telegram.me\/share\/url?url=https:\/\/canlibahistahminlerim.com\/ugurcan-cakir-galatasaraya-dogru\/\" target=\"_blank\" class=\" wd-social-icon social-tg\" aria-label=\"Telegram sosyal medya linki\">\n\t\t\t\t\t\t<span class=\"wd-icon\"><\/span>\n\t\t\t\t\t\t\t\t\t\t\t<\/a>\n\t\t\t\t\t\t\t\t\n\t\t\t\t\n\t\t\t<\/div>\n\n\t\t\t\t\t\t\t\t\t<\/div>\n\t\t\t\t\t\t<\/div>\n\t\t\t\t\t\t\t\t\t\t\t\t\n\t\t\t\t\t\t\t\n\t\t\t\t                    <div class=\"entry-content wd-entry-content\">\n\t\t\t\t\t\tU\u011furcan \u00c7ak\u0131r Galatasaray\u2019a Do\u011fru U\u011furcan \u00c7ak\u0131r Trabzonspor\u2019dan ayr\u0131lmak ve Avrupa\u2019da...\n\t\t\t\t\t\t\t\t\t\t\t<\/div><!-- .entry-content -->\n\t\t\t\t\n\t\t\t\t\t\t\t\t\t\t\t\t\t\t<p class=\"read-more-section\">\n\t\t\t\t\t\t<a class=\"btn-read-more more-link\" href=\"https:\/\/canlibahistahminlerim.com\/ugurcan-cakir-galatasaraya-dogru\/\">Okumaya devam et<\/a>\t\t\t\t\t<\/p>\n\t\t\t\t\t\t\t\t\t\t\t\n\t\t\t\n\t\t\t\t\t<\/div>\n\t<\/div>\n<\/article><!-- #post -->\n\n\n\t\t\t\t\t\t\t\t\t\t\t\n<article id=\"post-58311\" class=\"wd-post blog-design-masonry blog-post-loop blog-style-bg wd-add-shadow wd-col post-58311 post type-post status-publish format-standard has-post-thumbnail hentry category-guncel-spor-haberleri tag-sadio-mane-arabistan-yolcusu\">\n\t<div class=\"article-inner\">\n\t\t\t\t\t<header class=\"entry-header\">\n\t\t\t\t\t\t\t\t\t<figure id=\"carousel-492\" class=\"entry-thumbnail\">\n\t\t\t\t\t\t\n\t\t\t\t\t\t\t<div class=\"post-img-wrapp\">\n\t\t\t\t\t\t\t\t<a href=\"https:\/\/canlibahistahminlerim.com\/sadio-mane-arabistan-yolcusu\/\">\n\t\t\t\t\t\t\t\t\t<img width=\"1300\" height=\"731\" src=\"https:\/\/canlibahistahminlerim.com\/wp-content\/uploads\/2023\/07\/Sadio-Mane-Arabistan-Yolcusu-1300x731.jpg\" class=\"attachment-large size-large\" alt=\"Sadio Mane Arabistan Yolcusu\" decoding=\"async\" srcset=\"https:\/\/canlibahistahminlerim.com\/wp-content\/uploads\/2023\/07\/Sadio-Mane-Arabistan-Yolcusu-1300x731.jpg 1300w, https:\/\/canlibahistahminlerim.com\/wp-content\/uploads\/2023\/07\/Sadio-Mane-Arabistan-Yolcusu-400x225.jpg 400w, https:\/\/canlibahistahminlerim.com\/wp-content\/uploads\/2023\/07\/Sadio-Mane-Arabistan-Yolcusu-768x432.jpg 768w, https:\/\/canlibahistahminlerim.com\/wp-content\/uploads\/2023\/07\/Sadio-Mane-Arabistan-Yolcusu.jpg 1536w\" sizes=\"(max-width: 1300px) 100vw, 1300px\" \/>\t\t\t\t\t\t\t\t<\/a>\n\t\t\t\t\t\t\t<\/div>\n\t\t\t\t\t\t\t<div class=\"post-image-mask\">\n\t\t\t\t\t\t\t\t<span><\/span>\n\t\t\t\t\t\t\t<\/div>\n\n\t\t\t\t\t\t\n\t\t\t\t\t<\/figure>\n\t\t\t\t\n\t\t\t\t\t\t\t\t\t\t\t\t<div class=\"post-date wd-post-date wd-style-with-bg\">\n\t\t\t\t<span class=\"post-date-day\">\n\t\t\t\t\t25\t\t\t\t<\/span>\n\t\t\t\t<span class=\"post-date-month\">\n\t\t\t\t\tTem\t\t\t\t<\/span>\n\t\t\t<\/div>\n\t\t\t\t\t\t\n\t\t\t<\/header><!-- .entry-header -->\n\n\t\t<div class=\"article-body-container\">\n\t\t\t\n\t\t\t\t\t\t\t\t\t<div class=\"meta-categories-wrapp\"><div class=\"meta-post-categories wd-post-cat wd-style-with-bg\"><a href=\"https:\/\/canlibahistahminlerim.com\/guncel-spor-haberleri\/\" rel=\"category tag\">G\u00dcNCEL SPOR HABERLER\u0130<\/a><\/div><\/div>\n\t\t\t\t\n\t\t\t\t\t\t\t\t\t<h3 class=\"wd-entities-title title post-title\">\n\t\t\t\t\t\t<a href=\"https:\/\/canlibahistahminlerim.com\/sadio-mane-arabistan-yolcusu\/\" rel=\"bookmark\">Sadio Mane Arabistan Yolcusu<\/a>\n\t\t\t\t\t<\/h3>\n\t\t\t\t\n\t\t\t\t\t\t\t\t\t<div class=\"entry-meta wd-entry-meta\">\n\t\t\t\t\t\t\t\t\t<ul class=\"entry-meta-list\">\n\t\t\t\t\t\t\t\t\t<li class=\"modified-date\">\n\t\t\t\t\t\t\t\t<time class=\"updated\" datetime=\"2023-07-25T00:17:35+03:00\">\n\t\t\t25 Temmuz 2023\t\t<\/time>\n\t\t\t\t\t\t\t<\/li>\n\n\t\t\t\t\t\n\t\t\t\t\t\t\t\t\t\t\t<li class=\"meta-author\">\n\t\t\t\t\t\t\t\t\t\t\t\t<span>Taraf\u0131ndan<\/span>\n\t\t\n\t\t\t\t\t<img alt='author-avatar' src='https:\/\/secure.gravatar.com\/avatar\/7425033c41e2dfed89ffe1cc678c2a73?s=32&#038;d=mm&#038;r=g' srcset='https:\/\/secure.gravatar.com\/avatar\/7425033c41e2dfed89ffe1cc678c2a73?s=64&#038;d=mm&#038;r=g 2x' class='avatar avatar-32 photo' height='32' width='32' decoding='async'\/>\t\t\n\t\t<a href=\"https:\/\/canlibahistahminlerim.com\/author\/admin\/\" rel=\"author\">\n\t\t\t<span class=\"vcard author author_name\">\n\t\t\t\t<span class=\"fn\">BNSEO<\/span>\n\t\t\t<\/span>\n\t\t<\/a>\n\t\t\t\t\t\t\t\t<\/li>\n\t\t\t\t\t\n\t\t\t\t\t\n\t\t\t\t\t\t\t\t\t\t\t<li class=\"meta-reply\">\n\t\t\t\t\t\t\t<a href=\"https:\/\/canlibahistahminlerim.com\/sadio-mane-arabistan-yolcusu\/#respond\"><span class=\"replies-count\">0<\/span> <span class=\"replies-count-label\">yorumlar<\/span><\/a>\t\t\t\t\t\t<\/li>\n\t\t\t\t\t\t\t\t\t\t\t\t<\/ul>\n\t\t\t\t\t\t\t<\/div><!-- .entry-meta -->\n\t\t\t\t\t\t\t\t\t\t\t<div class=\"hovered-social-icons wd-tltp wd-tltp-top\">\n\t\t\t\t\t\t\t<div class=\"wd-tooltip-label\">\n\t\t\t\t\t\t\t\t\n\t\t\t<div class=\" wd-social-icons icons-design-default icons-size-small color-scheme-light social-share social-form-circle text-center\">\n\n\t\t\t\t\n\t\t\t\t\t\t\t\t\t<a rel=\"noopener noreferrer nofollow\" href=\"https:\/\/www.facebook.com\/sharer\/sharer.php?u=https:\/\/canlibahistahminlerim.com\/sadio-mane-arabistan-yolcusu\/\" target=\"_blank\" class=\" wd-social-icon social-facebook\" aria-label=\"Facebook sosyal ba\u011flant\u0131s\u0131\">\n\t\t\t\t\t\t<span class=\"wd-icon\"><\/span>\n\t\t\t\t\t\t\t\t\t\t\t<\/a>\n\t\t\t\t\n\t\t\t\t\t\t\t\t\t<a rel=\"noopener noreferrer nofollow\" href=\"https:\/\/x.com\/share?url=https:\/\/canlibahistahminlerim.com\/sadio-mane-arabistan-yolcusu\/\" target=\"_blank\" class=\" wd-social-icon social-twitter\" aria-label=\"X social link\">\n\t\t\t\t\t\t<span class=\"wd-icon\"><\/span>\n\t\t\t\t\t\t\t\t\t\t\t<\/a>\n\t\t\t\t\n\t\t\t\t\n\t\t\t\t\n\t\t\t\t\n\t\t\t\t\t\t\t\t\t<a rel=\"noopener noreferrer nofollow\" href=\"https:\/\/pinterest.com\/pin\/create\/button\/?url=https:\/\/canlibahistahminlerim.com\/sadio-mane-arabistan-yolcusu\/&media=https:\/\/canlibahistahminlerim.com\/wp-content\/uploads\/2023\/07\/Sadio-Mane-Arabistan-Yolcusu.jpg&description=Sadio+Mane+Arabistan+Yolcusu\" target=\"_blank\" class=\" wd-social-icon social-pinterest\" aria-label=\"Pinterest sosyal ba\u011flant\u0131s\u0131\">\n\t\t\t\t\t\t<span class=\"wd-icon\"><\/span>\n\t\t\t\t\t\t\t\t\t\t\t<\/a>\n\t\t\t\t\n\t\t\t\t\n\t\t\t\t\n\t\t\t\t\n\t\t\t\t\n\t\t\t\t\n\t\t\t\t\n\t\t\t\t\n\t\t\t\t\n\t\t\t\t\n\t\t\t\t\n\t\t\t\t\t\t\t\t\t<a rel=\"noopener noreferrer nofollow\" href=\"https:\/\/api.whatsapp.com\/send?text=https%3A%2F%2Fcanlibahistahminlerim.com%2Fsadio-mane-arabistan-yolcusu%2F\" target=\"_blank\" class=\"whatsapp-desktop  wd-social-icon social-whatsapp\" aria-label=\"WhatsApp sosyal ba\u011flant\u0131s\u0131\">\n\t\t\t\t\t\t<span class=\"wd-icon\"><\/span>\n\t\t\t\t\t\t\t\t\t\t\t<\/a>\n\t\t\t\t\t\n\t\t\t\t\t<a rel=\"noopener noreferrer nofollow\" href=\"whatsapp:\/\/send?text=https%3A%2F%2Fcanlibahistahminlerim.com%2Fsadio-mane-arabistan-yolcusu%2F\" target=\"_blank\" class=\"whatsapp-mobile  wd-social-icon social-whatsapp\" aria-label=\"WhatsApp sosyal ba\u011flant\u0131s\u0131\">\n\t\t\t\t\t\t<span class=\"wd-icon\"><\/span>\n\t\t\t\t\t\t\t\t\t\t\t<\/a>\n\t\t\t\t\n\t\t\t\t\t\t\t\t\n\t\t\t\t\t\t\t\t\n\t\t\t\t\n\t\t\t\t\n\t\t\t\t\t\t\t\t\t<a rel=\"noopener noreferrer nofollow\" href=\"https:\/\/telegram.me\/share\/url?url=https:\/\/canlibahistahminlerim.com\/sadio-mane-arabistan-yolcusu\/\" target=\"_blank\" class=\" wd-social-icon social-tg\" aria-label=\"Telegram sosyal medya linki\">\n\t\t\t\t\t\t<span class=\"wd-icon\"><\/span>\n\t\t\t\t\t\t\t\t\t\t\t<\/a>\n\t\t\t\t\t\t\t\t\n\t\t\t\t\n\t\t\t<\/div>\n\n\t\t\t\t\t\t\t\t\t<\/div>\n\t\t\t\t\t\t<\/div>\n\t\t\t\t\t\t\t\t\t\t\t\t\n\t\t\t\t\t\t\t\n\t\t\t\t                    <div class=\"entry-content wd-entry-content\">\n\t\t\t\t\t\tSadio Mane Arabistan Yolcusu. Ge\u00e7ti\u011fimiz sezon Liverpool\u2019dan b\u00fcy\u00fck beklentilerle transfere...\n\t\t\t\t\t\t\t\t\t\t\t<\/div><!-- .entry-content -->\n\t\t\t\t\n\t\t\t\t\t\t\t\t\t\t\t\t\t\t<p class=\"read-more-section\">\n\t\t\t\t\t\t<a class=\"btn-read-more more-link\" href=\"https:\/\/canlibahistahminlerim.com\/sadio-mane-arabistan-yolcusu\/\">Okumaya devam et<\/a>\t\t\t\t\t<\/p>\n\t\t\t\t\t\t\t\t\t\t\t\n\t\t\t\n\t\t\t\t\t<\/div>\n\t<\/div>\n<\/article><!-- #post -->\n\n\n\t\t\t\t\t\t\t\t\t\t\t\n<article id=\"post-58310\" class=\"wd-post blog-design-masonry blog-post-loop blog-style-bg wd-add-shadow wd-col post-58310 post type-post status-publish format-standard has-post-thumbnail hentry category-guncel-spor-haberleri tag-mbappe tag-mbappe-hangi-takima-transfer-olacak tag-mbappeye-rekor-teklif tag-messi-ve-neymar-uclusu-dagildi\">\n\t<div class=\"article-inner\">\n\t\t\t\t\t<header class=\"entry-header\">\n\t\t\t\t\t\t\t\t\t<figure id=\"carousel-372\" class=\"entry-thumbnail\">\n\t\t\t\t\t\t\n\t\t\t\t\t\t\t<div class=\"post-img-wrapp\">\n\t\t\t\t\t\t\t\t<a href=\"https:\/\/canlibahistahminlerim.com\/mbappe-hangi-takima-transfer-olacak\/\">\n\t\t\t\t\t\t\t\t\t<img width=\"1300\" height=\"731\" src=\"https:\/\/canlibahistahminlerim.com\/wp-content\/uploads\/2023\/07\/Mbappe-Hangi-Takima-Transfer-Olacak-1300x731.jpg\" class=\"attachment-large size-large\" alt=\"Mbappe Hangi Tak\u0131ma Transfer Olacak!\" decoding=\"async\" srcset=\"https:\/\/canlibahistahminlerim.com\/wp-content\/uploads\/2023\/07\/Mbappe-Hangi-Takima-Transfer-Olacak-1300x731.jpg 1300w, https:\/\/canlibahistahminlerim.com\/wp-content\/uploads\/2023\/07\/Mbappe-Hangi-Takima-Transfer-Olacak-400x225.jpg 400w, https:\/\/canlibahistahminlerim.com\/wp-content\/uploads\/2023\/07\/Mbappe-Hangi-Takima-Transfer-Olacak-768x432.jpg 768w, https:\/\/canlibahistahminlerim.com\/wp-content\/uploads\/2023\/07\/Mbappe-Hangi-Takima-Transfer-Olacak.jpg 1536w\" sizes=\"(max-width: 1300px) 100vw, 1300px\" \/>\t\t\t\t\t\t\t\t<\/a>\n\t\t\t\t\t\t\t<\/div>\n\t\t\t\t\t\t\t<div class=\"post-image-mask\">\n\t\t\t\t\t\t\t\t<span><\/span>\n\t\t\t\t\t\t\t<\/div>\n\n\t\t\t\t\t\t\n\t\t\t\t\t<\/figure>\n\t\t\t\t\n\t\t\t\t\t\t\t\t\t\t\t\t<div class=\"post-date wd-post-date wd-style-with-bg\">\n\t\t\t\t<span class=\"post-date-day\">\n\t\t\t\t\t25\t\t\t\t<\/span>\n\t\t\t\t<span class=\"post-date-month\">\n\t\t\t\t\tTem\t\t\t\t<\/span>\n\t\t\t<\/div>\n\t\t\t\t\t\t\n\t\t\t<\/header><!-- .entry-header -->\n\n\t\t<div class=\"article-body-container\">\n\t\t\t\n\t\t\t\t\t\t\t\t\t<div class=\"meta-categories-wrapp\"><div class=\"meta-post-categories wd-post-cat wd-style-with-bg\"><a href=\"https:\/\/canlibahistahminlerim.com\/guncel-spor-haberleri\/\" rel=\"category tag\">G\u00dcNCEL SPOR HABERLER\u0130<\/a><\/div><\/div>\n\t\t\t\t\n\t\t\t\t\t\t\t\t\t<h3 class=\"wd-entities-title title post-title\">\n\t\t\t\t\t\t<a href=\"https:\/\/canlibahistahminlerim.com\/mbappe-hangi-takima-transfer-olacak\/\" rel=\"bookmark\">Mbappe Hangi Tak\u0131ma Transfer Olacak!<\/a>\n\t\t\t\t\t<\/h3>\n\t\t\t\t\n\t\t\t\t\t\t\t\t\t<div class=\"entry-meta wd-entry-meta\">\n\t\t\t\t\t\t\t\t\t<ul class=\"entry-meta-list\">\n\t\t\t\t\t\t\t\t\t<li class=\"modified-date\">\n\t\t\t\t\t\t\t\t<time class=\"updated\" datetime=\"2023-07-25T00:16:44+03:00\">\n\t\t\t25 Temmuz 2023\t\t<\/time>\n\t\t\t\t\t\t\t<\/li>\n\n\t\t\t\t\t\n\t\t\t\t\t\t\t\t\t\t\t<li class=\"meta-author\">\n\t\t\t\t\t\t\t\t\t\t\t\t<span>Taraf\u0131ndan<\/span>\n\t\t\n\t\t\t\t\t<img alt='author-avatar' src='https:\/\/secure.gravatar.com\/avatar\/7425033c41e2dfed89ffe1cc678c2a73?s=32&#038;d=mm&#038;r=g' srcset='https:\/\/secure.gravatar.com\/avatar\/7425033c41e2dfed89ffe1cc678c2a73?s=64&#038;d=mm&#038;r=g 2x' class='avatar avatar-32 photo' height='32' width='32' decoding='async'\/>\t\t\n\t\t<a href=\"https:\/\/canlibahistahminlerim.com\/author\/admin\/\" rel=\"author\">\n\t\t\t<span class=\"vcard author author_name\">\n\t\t\t\t<span class=\"fn\">BNSEO<\/span>\n\t\t\t<\/span>\n\t\t<\/a>\n\t\t\t\t\t\t\t\t<\/li>\n\t\t\t\t\t\n\t\t\t\t\t\n\t\t\t\t\t\t\t\t\t\t\t<li class=\"meta-reply\">\n\t\t\t\t\t\t\t<a href=\"https:\/\/canlibahistahminlerim.com\/mbappe-hangi-takima-transfer-olacak\/#respond\"><span class=\"replies-count\">0<\/span> <span class=\"replies-count-label\">yorumlar<\/span><\/a>\t\t\t\t\t\t<\/li>\n\t\t\t\t\t\t\t\t\t\t\t\t<\/ul>\n\t\t\t\t\t\t\t<\/div><!-- .entry-meta -->\n\t\t\t\t\t\t\t\t\t\t\t<div class=\"hovered-social-icons wd-tltp wd-tltp-top\">\n\t\t\t\t\t\t\t<div class=\"wd-tooltip-label\">\n\t\t\t\t\t\t\t\t\n\t\t\t<div class=\" wd-social-icons icons-design-default icons-size-small color-scheme-light social-share social-form-circle text-center\">\n\n\t\t\t\t\n\t\t\t\t\t\t\t\t\t<a rel=\"noopener noreferrer nofollow\" href=\"https:\/\/www.facebook.com\/sharer\/sharer.php?u=https:\/\/canlibahistahminlerim.com\/mbappe-hangi-takima-transfer-olacak\/\" target=\"_blank\" class=\" wd-social-icon social-facebook\" aria-label=\"Facebook sosyal ba\u011flant\u0131s\u0131\">\n\t\t\t\t\t\t<span class=\"wd-icon\"><\/span>\n\t\t\t\t\t\t\t\t\t\t\t<\/a>\n\t\t\t\t\n\t\t\t\t\t\t\t\t\t<a rel=\"noopener noreferrer nofollow\" href=\"https:\/\/x.com\/share?url=https:\/\/canlibahistahminlerim.com\/mbappe-hangi-takima-transfer-olacak\/\" target=\"_blank\" class=\" wd-social-icon social-twitter\" aria-label=\"X social link\">\n\t\t\t\t\t\t<span class=\"wd-icon\"><\/span>\n\t\t\t\t\t\t\t\t\t\t\t<\/a>\n\t\t\t\t\n\t\t\t\t\n\t\t\t\t\n\t\t\t\t\n\t\t\t\t\t\t\t\t\t<a rel=\"noopener noreferrer nofollow\" href=\"https:\/\/pinterest.com\/pin\/create\/button\/?url=https:\/\/canlibahistahminlerim.com\/mbappe-hangi-takima-transfer-olacak\/&media=https:\/\/canlibahistahminlerim.com\/wp-content\/uploads\/2023\/07\/Mbappe-Hangi-Takima-Transfer-Olacak.jpg&description=Mbappe+Hangi+Tak%C4%B1ma+Transfer+Olacak%21\" target=\"_blank\" class=\" wd-social-icon social-pinterest\" aria-label=\"Pinterest sosyal ba\u011flant\u0131s\u0131\">\n\t\t\t\t\t\t<span class=\"wd-icon\"><\/span>\n\t\t\t\t\t\t\t\t\t\t\t<\/a>\n\t\t\t\t\n\t\t\t\t\n\t\t\t\t\n\t\t\t\t\n\t\t\t\t\n\t\t\t\t\n\t\t\t\t\n\t\t\t\t\n\t\t\t\t\n\t\t\t\t\n\t\t\t\t\n\t\t\t\t\t\t\t\t\t<a rel=\"noopener noreferrer nofollow\" href=\"https:\/\/api.whatsapp.com\/send?text=https%3A%2F%2Fcanlibahistahminlerim.com%2Fmbappe-hangi-takima-transfer-olacak%2F\" target=\"_blank\" class=\"whatsapp-desktop  wd-social-icon social-whatsapp\" aria-label=\"WhatsApp sosyal ba\u011flant\u0131s\u0131\">\n\t\t\t\t\t\t<span class=\"wd-icon\"><\/span>\n\t\t\t\t\t\t\t\t\t\t\t<\/a>\n\t\t\t\t\t\n\t\t\t\t\t<a rel=\"noopener noreferrer nofollow\" href=\"whatsapp:\/\/send?text=https%3A%2F%2Fcanlibahistahminlerim.com%2Fmbappe-hangi-takima-transfer-olacak%2F\" target=\"_blank\" class=\"whatsapp-mobile  wd-social-icon social-whatsapp\" aria-label=\"WhatsApp sosyal ba\u011flant\u0131s\u0131\">\n\t\t\t\t\t\t<span class=\"wd-icon\"><\/span>\n\t\t\t\t\t\t\t\t\t\t\t<\/a>\n\t\t\t\t\n\t\t\t\t\t\t\t\t\n\t\t\t\t\t\t\t\t\n\t\t\t\t\n\t\t\t\t\n\t\t\t\t\t\t\t\t\t<a rel=\"noopener noreferrer nofollow\" href=\"https:\/\/telegram.me\/share\/url?url=https:\/\/canlibahistahminlerim.com\/mbappe-hangi-takima-transfer-olacak\/\" target=\"_blank\" class=\" wd-social-icon social-tg\" aria-label=\"Telegram sosyal medya linki\">\n\t\t\t\t\t\t<span class=\"wd-icon\"><\/span>\n\t\t\t\t\t\t\t\t\t\t\t<\/a>\n\t\t\t\t\t\t\t\t\n\t\t\t\t\n\t\t\t<\/div>\n\n\t\t\t\t\t\t\t\t\t<\/div>\n\t\t\t\t\t\t<\/div>\n\t\t\t\t\t\t\t\t\t\t\t\t\n\t\t\t\t\t\t\t\n\t\t\t\t                    <div class=\"entry-content wd-entry-content\">\n\t\t\t\t\t\tMbappe Hangi Tak\u0131ma Transfer Olacak! PSG\u2019nin s\u00fcper star\u0131 Kylann Mbappe...\n\t\t\t\t\t\t\t\t\t\t\t<\/div><!-- .entry-content -->\n\t\t\t\t\n\t\t\t\t\t\t\t\t\t\t\t\t\t\t<p class=\"read-more-section\">\n\t\t\t\t\t\t<a class=\"btn-read-more more-link\" href=\"https:\/\/canlibahistahminlerim.com\/mbappe-hangi-takima-transfer-olacak\/\">Okumaya devam et<\/a>\t\t\t\t\t<\/p>\n\t\t\t\t\t\t\t\t\t\t\t\n\t\t\t\n\t\t\t\t\t<\/div>\n\t<\/div>\n<\/article><!-- #post -->\n\n\n\t\t\t\t\t\n\t\t\t\t\t","status":"have-posts","nextPage":"https:\/\/canlibahistahminlerim.com\/guncel-spor-haberleri\/page\/10\/?woo_ajax=1","currentPage":"https:\/\/canlibahistahminlerim.com\/guncel-spor-haberleri\/page\/9"}